{"id":7486,"date":"2026-04-27T17:39:43","date_gmt":"2026-04-27T17:39:43","guid":{"rendered":"https:\/\/storiesforcaregivers.com\/cultures-daidance-episode-pilote-2026\/"},"modified":"2026-04-27T12:08:49","modified_gmt":"2026-04-27T19:08:49","slug":"cultures-daidance-episode-pilote-2026","status":"publish","type":"post","link":"https:\/\/storiesforcaregivers.com\/fr\/cultures-daidance-episode-pilote-2026\/","title":{"rendered":"Cultures d\u2019aidance"},"content":{"rendered":"\n<figure class=\"wp-block-embed is-type-video is-provider-youtube wp-block-embed-youtube wp-embed-aspect-16-9 wp-has-aspect-ratio\"><div class=\"wp-block-embed__wrapper\">\n<iframe loading=\"lazy\" title=\"Cultures d\u2019aidance (\u00e9pisode pilote 2026)\" width=\"1104\" height=\"621\" src=\"https:\/\/www.youtube.com\/embed\/FaKa5U0UXdg?feature=oembed\" frameborder=\"0\" allow=\"accelerometer; autoplay; clipboard-write; encrypted-media; gyroscope; picture-in-picture; web-share\" referrerpolicy=\"strict-origin-when-cross-origin\" allowfullscreen><\/iframe>\n<\/div><\/figure>\n\n\n\n<p>D\u2019ici 20 ans, le nombre de personnes \u00e2g\u00e9es de 65 ans et plus augmentera de 68 % au Canada. Au Qu\u00e9bec seulement, il faudrait cr\u00e9er annuellement trois mille nouvelles places en h\u00e9bergement pour les personnes \u00e2g\u00e9es en perte d\u2019autonomie. Le d\u00e9fi semble titanesque, la probl\u00e9matique, sans issue.<br><br>Pourtant, partout \u00e0 travers le Canada, des proches aidants issus de diverses communaut\u00e9s culturelles mettent en place des initiatives permettant aux a\u00een\u00e9s de recevoir les soins dont ils ont besoin, tout en se sentant valoris\u00e9s et appr\u00e9ci\u00e9s \u00e0 leur juste valeur. De la communaut\u00e9 italienne \u00e0 la communaut\u00e9 vietnamienne, en passant par les Premiers Peuples et par des initiatives issues de la culture qu\u00e9b\u00e9coise, nous irons \u00e0 la rencontre de gens de c\u0153ur pour qui \u00eatre proche aidant ne repr\u00e9sente pas seulement un devoir, mais aussi une richesse. Pour eux, les a\u00efeux constituent une source in\u00e9puisable de sagesse et de savoir, qui m\u00e9rite d\u2019occuper la place qui leur revient dans la soci\u00e9t\u00e9 actuelle.<br><br>La s\u00e9rie, compos\u00e9e de sept \u00e9pisodes d\u2019environ six minutes, pr\u00e9sentera des portraits sinc\u00e8res de celles et ceux qui, dans l\u2019ombre, trouvent des fa\u00e7ons innovantes, influenc\u00e9es par des aspects culturels, religieux ou soci\u00e9taux, d\u2019envisager l\u2019avenir de nos a\u00een\u00e9s.<br><br>S\u00e9rie r\u00e9alis\u00e9e par <a href=\"https:\/\/documemento.com\">Docu-Memento Productions<\/a><\/p>\n","protected":false},"excerpt":{"rendered":"<p>D\u2019ici 20 ans, le nombre de personnes \u00e2g\u00e9es de 65 ans et plus augmentera de 68 % au Canada. Au Qu\u00e9bec seulement, il faudrait cr\u00e9er annuellement trois mille nouvelles places en h\u00e9bergement pour les personnes \u00e2g\u00e9es en perte d\u2019autonomie. Le d\u00e9fi semble titanesque, la probl\u00e9matique, sans issue. Pourtant, partout \u00e0 travers le Canada, des proches [&hellip;]<\/p>\n","protected":false},"author":2,"featured_media":7490,"comment_status":"closed","ping_status":"closed","sticky":false,"template":"","format":"video","meta":{"inline_featured_image":false,"_jetpack_memberships_contains_paid_content":false,"footnotes":""},"categories":[76],"tags":[],"series":[],"class_list":["post-7486","post","type-post","status-publish","format-video","has-post-thumbnail","hentry","category-pilotes","post_format-post-format-video"],"yoast_head":"<!-- This site is optimized with the Yoast SEO plugin v27.0 - https:\/\/yoast.com\/product\/yoast-seo-wordpress\/ -->\n<title>Cultures d\u2019aidance - Stories for Caregivers<\/title>\n<meta name=\"robots\" content=\"index, follow, max-snippet:-1, max-image-preview:large, max-video-preview:-1\" \/>\n<link rel=\"canonical\" href=\"https:\/\/storiesforcaregivers.com\/fr\/cultures-daidance-episode-pilote-2026\/\" \/>\n<meta property=\"og:locale\" content=\"fr_FR\" \/>\n<meta property=\"og:type\" content=\"article\" \/>\n<meta property=\"og:title\" content=\"Cultures d\u2019aidance - Stories for Caregivers\" \/>\n<meta property=\"og:description\" content=\"D\u2019ici 20 ans, le nombre de personnes \u00e2g\u00e9es de 65 ans et plus augmentera de 68 % au Canada. Au Qu\u00e9bec seulement, il faudrait cr\u00e9er annuellement trois mille nouvelles places en h\u00e9bergement pour les personnes \u00e2g\u00e9es en perte d\u2019autonomie. Le d\u00e9fi semble titanesque, la probl\u00e9matique, sans issue. Pourtant, partout \u00e0 travers le Canada, des proches [&hellip;]\" \/>\n<meta property=\"og:url\" content=\"https:\/\/storiesforcaregivers.com\/fr\/cultures-daidance-episode-pilote-2026\/\" \/>\n<meta property=\"og:site_name\" content=\"Stories for Caregivers\" \/>\n<meta property=\"article:publisher\" content=\"https:\/\/www.facebook.com\/storiesforcaregivers\" \/>\n<meta property=\"article:published_time\" content=\"2026-04-27T17:39:43+00:00\" \/>\n<meta property=\"article:modified_time\" content=\"2026-04-27T19:08:49+00:00\" \/>\n<meta property=\"og:image\" content=\"https:\/\/storiesforcaregivers.com\/wp-content\/uploads\/2026\/04\/hqdefault-8.jpg\" \/>\n\t<meta property=\"og:image:width\" content=\"480\" \/>\n\t<meta property=\"og:image:height\" content=\"360\" \/>\n\t<meta property=\"og:image:type\" content=\"image\/jpeg\" \/>\n<meta name=\"author\" content=\"Bannister Bergen\" \/>\n<meta name=\"twitter:card\" content=\"summary_large_image\" \/>\n<meta name=\"twitter:creator\" content=\"@storiesforcare\" \/>\n<meta name=\"twitter:site\" content=\"@storiesforcare\" \/>\n<meta name=\"twitter:label1\" content=\"Written by\" \/>\n\t<meta name=\"twitter:data1\" content=\"Bannister Bergen\" \/>\n\t<meta name=\"twitter:label2\" content=\"Est. reading time\" \/>\n\t<meta name=\"twitter:data2\" content=\"2 minutes\" \/>\n<script type=\"application\/ld+json\" class=\"yoast-schema-graph\">{\"@context\":\"https:\/\/schema.org\",\"@graph\":[{\"@type\":\"Article\",\"@id\":\"https:\/\/storiesforcaregivers.com\/fr\/cultures-daidance-episode-pilote-2026\/#article\",\"isPartOf\":{\"@id\":\"https:\/\/storiesforcaregivers.com\/fr\/cultures-daidance-episode-pilote-2026\/\"},\"author\":{\"name\":\"Bannister Bergen\",\"@id\":\"https:\/\/storiesforcaregivers.com\/#\/schema\/person\/e00c425d3166d9fd0d025792f8a51a8b\"},\"headline\":\"Cultures d\u2019aidance\",\"datePublished\":\"2026-04-27T17:39:43+00:00\",\"dateModified\":\"2026-04-27T19:08:49+00:00\",\"mainEntityOfPage\":{\"@id\":\"https:\/\/storiesforcaregivers.com\/fr\/cultures-daidance-episode-pilote-2026\/\"},\"wordCount\":246,\"publisher\":{\"@id\":\"https:\/\/storiesforcaregivers.com\/#organization\"},\"image\":{\"@id\":\"https:\/\/storiesforcaregivers.com\/fr\/cultures-daidance-episode-pilote-2026\/#primaryimage\"},\"thumbnailUrl\":\"https:\/\/storiesforcaregivers.com\/wp-content\/uploads\/2026\/04\/hqdefault-8.jpg\",\"articleSection\":[\"Pilotes\"],\"inLanguage\":\"fr-FR\"},{\"@type\":\"WebPage\",\"@id\":\"https:\/\/storiesforcaregivers.com\/fr\/cultures-daidance-episode-pilote-2026\/\",\"url\":\"https:\/\/storiesforcaregivers.com\/fr\/cultures-daidance-episode-pilote-2026\/\",\"name\":\"Cultures d\u2019aidance - Stories for Caregivers\",\"isPartOf\":{\"@id\":\"https:\/\/storiesforcaregivers.com\/#website\"},\"primaryImageOfPage\":{\"@id\":\"https:\/\/storiesforcaregivers.com\/fr\/cultures-daidance-episode-pilote-2026\/#primaryimage\"},\"image\":{\"@id\":\"https:\/\/storiesforcaregivers.com\/fr\/cultures-daidance-episode-pilote-2026\/#primaryimage\"},\"thumbnailUrl\":\"https:\/\/storiesforcaregivers.com\/wp-content\/uploads\/2026\/04\/hqdefault-8.jpg\",\"datePublished\":\"2026-04-27T17:39:43+00:00\",\"dateModified\":\"2026-04-27T19:08:49+00:00\",\"breadcrumb\":{\"@id\":\"https:\/\/storiesforcaregivers.com\/fr\/cultures-daidance-episode-pilote-2026\/#breadcrumb\"},\"inLanguage\":\"fr-FR\",\"potentialAction\":[{\"@type\":\"ReadAction\",\"target\":[\"https:\/\/storiesforcaregivers.com\/fr\/cultures-daidance-episode-pilote-2026\/\"]}]},{\"@type\":\"ImageObject\",\"inLanguage\":\"fr-FR\",\"@id\":\"https:\/\/storiesforcaregivers.com\/fr\/cultures-daidance-episode-pilote-2026\/#primaryimage\",\"url\":\"https:\/\/storiesforcaregivers.com\/wp-content\/uploads\/2026\/04\/hqdefault-8.jpg\",\"contentUrl\":\"https:\/\/storiesforcaregivers.com\/wp-content\/uploads\/2026\/04\/hqdefault-8.jpg\",\"width\":480,\"height\":360},{\"@type\":\"BreadcrumbList\",\"@id\":\"https:\/\/storiesforcaregivers.com\/fr\/cultures-daidance-episode-pilote-2026\/#breadcrumb\",\"itemListElement\":[{\"@type\":\"ListItem\",\"position\":1,\"name\":\"Home\",\"item\":\"https:\/\/storiesforcaregivers.com\/fr\/\"},{\"@type\":\"ListItem\",\"position\":2,\"name\":\"Cultures d\u2019aidance\"}]},{\"@type\":\"WebSite\",\"@id\":\"https:\/\/storiesforcaregivers.com\/#website\",\"url\":\"https:\/\/storiesforcaregivers.com\/\",\"name\":\"Stories for Caregivers\",\"description\":\"Uplifting and inspiring web series created for caregivers\",\"publisher\":{\"@id\":\"https:\/\/storiesforcaregivers.com\/#organization\"},\"potentialAction\":[{\"@type\":\"SearchAction\",\"target\":{\"@type\":\"EntryPoint\",\"urlTemplate\":\"https:\/\/storiesforcaregivers.com\/?s={search_term_string}\"},\"query-input\":{\"@type\":\"PropertyValueSpecification\",\"valueRequired\":true,\"valueName\":\"search_term_string\"}}],\"inLanguage\":\"fr-FR\"},{\"@type\":\"Organization\",\"@id\":\"https:\/\/storiesforcaregivers.com\/#organization\",\"name\":\"Stories for Caregivers\",\"url\":\"https:\/\/storiesforcaregivers.com\/\",\"logo\":{\"@type\":\"ImageObject\",\"inLanguage\":\"fr-FR\",\"@id\":\"https:\/\/storiesforcaregivers.com\/#\/schema\/logo\/image\/\",\"url\":\"https:\/\/storiesforcaregivers.com\/wp-content\/uploads\/2021\/07\/logo.004.svg\",\"contentUrl\":\"https:\/\/storiesforcaregivers.com\/wp-content\/uploads\/2021\/07\/logo.004.svg\",\"width\":\"1024\",\"height\":\"1024\",\"caption\":\"Stories for Caregivers\"},\"image\":{\"@id\":\"https:\/\/storiesforcaregivers.com\/#\/schema\/logo\/image\/\"},\"sameAs\":[\"https:\/\/www.facebook.com\/storiesforcaregivers\",\"https:\/\/x.com\/storiesforcare\",\"https:\/\/www.youtube.com\/storiesforcaregivers\",\"https:\/\/www.instagram.com\/storiesforcaregivers\/\"]},{\"@type\":\"Person\",\"@id\":\"https:\/\/storiesforcaregivers.com\/#\/schema\/person\/e00c425d3166d9fd0d025792f8a51a8b\",\"name\":\"Bannister Bergen\",\"image\":{\"@type\":\"ImageObject\",\"inLanguage\":\"fr-FR\",\"@id\":\"https:\/\/storiesforcaregivers.com\/#\/schema\/person\/image\/\",\"url\":\"https:\/\/secure.gravatar.com\/avatar\/7d39f096be5d03c5391007e91e79c609c5e8bef43dd4ab04c3e6b1ad7d5d385a?s=96&d=mm&r=g\",\"contentUrl\":\"https:\/\/secure.gravatar.com\/avatar\/7d39f096be5d03c5391007e91e79c609c5e8bef43dd4ab04c3e6b1ad7d5d385a?s=96&d=mm&r=g\",\"caption\":\"Bannister Bergen\"},\"url\":\"https:\/\/storiesforcaregivers.com\/fr\/author\/bannister\/\"}]}<\/script>\n<!-- \/ Yoast SEO plugin. -->","yoast_head_json":{"title":"Cultures d\u2019aidance - Stories for Caregivers","robots":{"index":"index","follow":"follow","max-snippet":"max-snippet:-1","max-image-preview":"max-image-preview:large","max-video-preview":"max-video-preview:-1"},"canonical":"https:\/\/storiesforcaregivers.com\/fr\/cultures-daidance-episode-pilote-2026\/","og_locale":"fr_FR","og_type":"article","og_title":"Cultures d\u2019aidance - Stories for Caregivers","og_description":"D\u2019ici 20 ans, le nombre de personnes \u00e2g\u00e9es de 65 ans et plus augmentera de 68 % au Canada. Au Qu\u00e9bec seulement, il faudrait cr\u00e9er annuellement trois mille nouvelles places en h\u00e9bergement pour les personnes \u00e2g\u00e9es en perte d\u2019autonomie. Le d\u00e9fi semble titanesque, la probl\u00e9matique, sans issue. Pourtant, partout \u00e0 travers le Canada, des proches [&hellip;]","og_url":"https:\/\/storiesforcaregivers.com\/fr\/cultures-daidance-episode-pilote-2026\/","og_site_name":"Stories for Caregivers","article_publisher":"https:\/\/www.facebook.com\/storiesforcaregivers","article_published_time":"2026-04-27T17:39:43+00:00","article_modified_time":"2026-04-27T19:08:49+00:00","og_image":[{"width":480,"height":360,"url":"https:\/\/storiesforcaregivers.com\/wp-content\/uploads\/2026\/04\/hqdefault-8.jpg","type":"image\/jpeg"}],"author":"Bannister Bergen","twitter_card":"summary_large_image","twitter_creator":"@storiesforcare","twitter_site":"@storiesforcare","twitter_misc":{"Written by":"Bannister Bergen","Est. reading time":"2 minutes"},"schema":{"@context":"https:\/\/schema.org","@graph":[{"@type":"Article","@id":"https:\/\/storiesforcaregivers.com\/fr\/cultures-daidance-episode-pilote-2026\/#article","isPartOf":{"@id":"https:\/\/storiesforcaregivers.com\/fr\/cultures-daidance-episode-pilote-2026\/"},"author":{"name":"Bannister Bergen","@id":"https:\/\/storiesforcaregivers.com\/#\/schema\/person\/e00c425d3166d9fd0d025792f8a51a8b"},"headline":"Cultures d\u2019aidance","datePublished":"2026-04-27T17:39:43+00:00","dateModified":"2026-04-27T19:08:49+00:00","mainEntityOfPage":{"@id":"https:\/\/storiesforcaregivers.com\/fr\/cultures-daidance-episode-pilote-2026\/"},"wordCount":246,"publisher":{"@id":"https:\/\/storiesforcaregivers.com\/#organization"},"image":{"@id":"https:\/\/storiesforcaregivers.com\/fr\/cultures-daidance-episode-pilote-2026\/#primaryimage"},"thumbnailUrl":"https:\/\/storiesforcaregivers.com\/wp-content\/uploads\/2026\/04\/hqdefault-8.jpg","articleSection":["Pilotes"],"inLanguage":"fr-FR"},{"@type":"WebPage","@id":"https:\/\/storiesforcaregivers.com\/fr\/cultures-daidance-episode-pilote-2026\/","url":"https:\/\/storiesforcaregivers.com\/fr\/cultures-daidance-episode-pilote-2026\/","name":"Cultures d\u2019aidance - Stories for Caregivers","isPartOf":{"@id":"https:\/\/storiesforcaregivers.com\/#website"},"primaryImageOfPage":{"@id":"https:\/\/storiesforcaregivers.com\/fr\/cultures-daidance-episode-pilote-2026\/#primaryimage"},"image":{"@id":"https:\/\/storiesforcaregivers.com\/fr\/cultures-daidance-episode-pilote-2026\/#primaryimage"},"thumbnailUrl":"https:\/\/storiesforcaregivers.com\/wp-content\/uploads\/2026\/04\/hqdefault-8.jpg","datePublished":"2026-04-27T17:39:43+00:00","dateModified":"2026-04-27T19:08:49+00:00","breadcrumb":{"@id":"https:\/\/storiesforcaregivers.com\/fr\/cultures-daidance-episode-pilote-2026\/#breadcrumb"},"inLanguage":"fr-FR","potentialAction":[{"@type":"ReadAction","target":["https:\/\/storiesforcaregivers.com\/fr\/cultures-daidance-episode-pilote-2026\/"]}]},{"@type":"ImageObject","inLanguage":"fr-FR","@id":"https:\/\/storiesforcaregivers.com\/fr\/cultures-daidance-episode-pilote-2026\/#primaryimage","url":"https:\/\/storiesforcaregivers.com\/wp-content\/uploads\/2026\/04\/hqdefault-8.jpg","contentUrl":"https:\/\/storiesforcaregivers.com\/wp-content\/uploads\/2026\/04\/hqdefault-8.jpg","width":480,"height":360},{"@type":"BreadcrumbList","@id":"https:\/\/storiesforcaregivers.com\/fr\/cultures-daidance-episode-pilote-2026\/#breadcrumb","itemListElement":[{"@type":"ListItem","position":1,"name":"Home","item":"https:\/\/storiesforcaregivers.com\/fr\/"},{"@type":"ListItem","position":2,"name":"Cultures d\u2019aidance"}]},{"@type":"WebSite","@id":"https:\/\/storiesforcaregivers.com\/#website","url":"https:\/\/storiesforcaregivers.com\/","name":"Stories for Caregivers","description":"Uplifting and inspiring web series created for caregivers","publisher":{"@id":"https:\/\/storiesforcaregivers.com\/#organization"},"potentialAction":[{"@type":"SearchAction","target":{"@type":"EntryPoint","urlTemplate":"https:\/\/storiesforcaregivers.com\/?s={search_term_string}"},"query-input":{"@type":"PropertyValueSpecification","valueRequired":true,"valueName":"search_term_string"}}],"inLanguage":"fr-FR"},{"@type":"Organization","@id":"https:\/\/storiesforcaregivers.com\/#organization","name":"Stories for Caregivers","url":"https:\/\/storiesforcaregivers.com\/","logo":{"@type":"ImageObject","inLanguage":"fr-FR","@id":"https:\/\/storiesforcaregivers.com\/#\/schema\/logo\/image\/","url":"https:\/\/storiesforcaregivers.com\/wp-content\/uploads\/2021\/07\/logo.004.svg","contentUrl":"https:\/\/storiesforcaregivers.com\/wp-content\/uploads\/2021\/07\/logo.004.svg","width":"1024","height":"1024","caption":"Stories for Caregivers"},"image":{"@id":"https:\/\/storiesforcaregivers.com\/#\/schema\/logo\/image\/"},"sameAs":["https:\/\/www.facebook.com\/storiesforcaregivers","https:\/\/x.com\/storiesforcare","https:\/\/www.youtube.com\/storiesforcaregivers","https:\/\/www.instagram.com\/storiesforcaregivers\/"]},{"@type":"Person","@id":"https:\/\/storiesforcaregivers.com\/#\/schema\/person\/e00c425d3166d9fd0d025792f8a51a8b","name":"Bannister Bergen","image":{"@type":"ImageObject","inLanguage":"fr-FR","@id":"https:\/\/storiesforcaregivers.com\/#\/schema\/person\/image\/","url":"https:\/\/secure.gravatar.com\/avatar\/7d39f096be5d03c5391007e91e79c609c5e8bef43dd4ab04c3e6b1ad7d5d385a?s=96&d=mm&r=g","contentUrl":"https:\/\/secure.gravatar.com\/avatar\/7d39f096be5d03c5391007e91e79c609c5e8bef43dd4ab04c3e6b1ad7d5d385a?s=96&d=mm&r=g","caption":"Bannister Bergen"},"url":"https:\/\/storiesforcaregivers.com\/fr\/author\/bannister\/"}]}},"jetpack_featured_media_url":"https:\/\/storiesforcaregivers.com\/wp-content\/uploads\/2026\/04\/hqdefault-8.jpg","jetpack_sharing_enabled":true,"_links":{"self":[{"href":"https:\/\/storiesforcaregivers.com\/fr\/wp-json\/wp\/v2\/posts\/7486","targetHints":{"allow":["GET"]}}],"collection":[{"href":"https:\/\/storiesforcaregivers.com\/fr\/wp-json\/wp\/v2\/posts"}],"about":[{"href":"https:\/\/storiesforcaregivers.com\/fr\/wp-json\/wp\/v2\/types\/post"}],"author":[{"embeddable":true,"href":"https:\/\/storiesforcaregivers.com\/fr\/wp-json\/wp\/v2\/users\/2"}],"replies":[{"embeddable":true,"href":"https:\/\/storiesforcaregivers.com\/fr\/wp-json\/wp\/v2\/comments?post=7486"}],"version-history":[{"count":1,"href":"https:\/\/storiesforcaregivers.com\/fr\/wp-json\/wp\/v2\/posts\/7486\/revisions"}],"predecessor-version":[{"id":7492,"href":"https:\/\/storiesforcaregivers.com\/fr\/wp-json\/wp\/v2\/posts\/7486\/revisions\/7492"}],"wp:featuredmedia":[{"embeddable":true,"href":"https:\/\/storiesforcaregivers.com\/fr\/wp-json\/wp\/v2\/media\/7490"}],"wp:attachment":[{"href":"https:\/\/storiesforcaregivers.com\/fr\/wp-json\/wp\/v2\/media?parent=7486"}],"wp:term":[{"taxonomy":"category","embeddable":true,"href":"https:\/\/storiesforcaregivers.com\/fr\/wp-json\/wp\/v2\/categories?post=7486"},{"taxonomy":"post_tag","embeddable":true,"href":"https:\/\/storiesforcaregivers.com\/fr\/wp-json\/wp\/v2\/tags?post=7486"},{"taxonomy":"series","embeddable":true,"href":"https:\/\/storiesforcaregivers.com\/fr\/wp-json\/wp\/v2\/series?post=7486"}],"curies":[{"name":"wp","href":"https:\/\/api.w.org\/{rel}","templated":true}]}}