{"id":6922,"date":"2024-11-12T15:19:24","date_gmt":"2024-11-12T23:19:24","guid":{"rendered":"https:\/\/storiesforcaregivers.com\/la-nature-du-deuil\/"},"modified":"2025-01-07T11:53:49","modified_gmt":"2025-01-07T19:53:49","slug":"la-nature-du-deuil","status":"publish","type":"post","link":"https:\/\/storiesforcaregivers.com\/fr\/la-nature-du-deuil\/","title":{"rendered":"La nature du deuil"},"content":{"rendered":"\n<figure class=\"wp-block-embed is-type-video is-provider-youtube wp-block-embed-youtube wp-embed-aspect-16-9 wp-has-aspect-ratio\"><div class=\"wp-block-embed__wrapper\"> \n<iframe loading=\"lazy\" title=\"Caregivers in the Wild: The Nature of Grief (18\/19)\" width=\"1104\" height=\"621\" src=\"https:\/\/www.youtube.com\/embed\/V6hVMwkM6uo?feature=oembed\" frameborder=\"0\" allow=\"accelerometer; autoplay; clipboard-write; encrypted-media; gyroscope; picture-in-picture; web-share\" referrerpolicy=\"strict-origin-when-cross-origin\" allowfullscreen><\/iframe>\n <\/div><\/figure>\n\n<p>Apr\u00e9s la mort de sa femme, Karl s\u2019occupe de trois jeunes enfants qui sont en deuil. Jon Hagedorn est un guide de p\u00eache \u00e0 la mouche qui comprend les d\u00e9fis d\u2019aidance de Karl, \u00e9tant lui-m\u00eame veuf et p\u00e8re. Ensemble, ils passent du temps sur la rivi\u00e8re pour discuter de la fa\u00e7on de s\u2019occuper d\u2019enfants en deuil en laissant les \u00e9motions remonter \u00e0 la surface et en les encourageant.  <br\/><br\/>Produite par <a href=\"https:\/\/www.roadwestpictures.com\">Roadwest Pictures<\/a> et <a href=\"https:\/\/www.mikelangstories.com\">Mike Lang<\/a><br\/><br\/>Anim\u00e9e par Dr Mike Lang<\/p>\n","protected":false},"excerpt":{"rendered":"<p>Apr\u00e9s la mort de sa femme, Karl s\u2019occupe de trois jeunes enfants qui sont en deuil. Jon Hagedorn est un guide de p\u00eache \u00e0 la mouche qui comprend les d\u00e9fis d\u2019aidance de Karl, \u00e9tant lui-m\u00eame veuf et p\u00e8re. Ensemble, ils passent du temps sur la rivi\u00e8re pour discuter de la fa\u00e7on de s\u2019occuper d\u2019enfants en [&hellip;]<\/p>\n","protected":false},"author":2,"featured_media":6900,"comment_status":"closed","ping_status":"closed","sticky":false,"template":"","format":"video","meta":{"inline_featured_image":false,"_jetpack_memberships_contains_paid_content":false,"footnotes":""},"categories":[52],"tags":[],"series":[67],"class_list":["post-6922","post","type-post","status-publish","format-video","has-post-thumbnail","hentry","category-non-classifiee","post_format-post-format-video","series-les-aidants-en-pleine-nature"],"yoast_head":"<!-- This site is optimized with the Yoast SEO plugin v27.0 - https:\/\/yoast.com\/product\/yoast-seo-wordpress\/ -->\n<title>La nature du deuil - Stories for Caregivers<\/title>\n<meta name=\"robots\" content=\"index, follow, max-snippet:-1, max-image-preview:large, max-video-preview:-1\" \/>\n<link rel=\"canonical\" href=\"https:\/\/storiesforcaregivers.com\/fr\/la-nature-du-deuil\/\" \/>\n<meta property=\"og:locale\" content=\"fr_FR\" \/>\n<meta property=\"og:type\" content=\"article\" \/>\n<meta property=\"og:title\" content=\"La nature du deuil - Stories for Caregivers\" \/>\n<meta property=\"og:description\" content=\"Apr\u00e9s la mort de sa femme, Karl s\u2019occupe de trois jeunes enfants qui sont en deuil. Jon Hagedorn est un guide de p\u00eache \u00e0 la mouche qui comprend les d\u00e9fis d\u2019aidance de Karl, \u00e9tant lui-m\u00eame veuf et p\u00e8re. Ensemble, ils passent du temps sur la rivi\u00e8re pour discuter de la fa\u00e7on de s\u2019occuper d\u2019enfants en [&hellip;]\" \/>\n<meta property=\"og:url\" content=\"https:\/\/storiesforcaregivers.com\/fr\/la-nature-du-deuil\/\" \/>\n<meta property=\"og:site_name\" content=\"Stories for Caregivers\" \/>\n<meta property=\"article:publisher\" content=\"https:\/\/www.facebook.com\/storiesforcaregivers\" \/>\n<meta property=\"article:published_time\" content=\"2024-11-12T23:19:24+00:00\" \/>\n<meta property=\"article:modified_time\" content=\"2025-01-07T19:53:49+00:00\" \/>\n<meta property=\"og:image\" content=\"https:\/\/storiesforcaregivers.com\/wp-content\/uploads\/2024\/11\/Caregivers-in-the-Wild-Ep18-Thumbnail.jpg\" \/>\n\t<meta property=\"og:image:width\" content=\"1920\" \/>\n\t<meta property=\"og:image:height\" content=\"1080\" \/>\n\t<meta property=\"og:image:type\" content=\"image\/jpeg\" \/>\n<meta name=\"author\" content=\"Bannister Bergen\" \/>\n<meta name=\"twitter:card\" content=\"summary_large_image\" \/>\n<meta name=\"twitter:creator\" content=\"@storiesforcare\" \/>\n<meta name=\"twitter:site\" content=\"@storiesforcare\" \/>\n<meta name=\"twitter:label1\" content=\"Written by\" \/>\n\t<meta name=\"twitter:data1\" content=\"Bannister Bergen\" \/>\n<script type=\"application\/ld+json\" class=\"yoast-schema-graph\">{\"@context\":\"https:\/\/schema.org\",\"@graph\":[{\"@type\":\"Article\",\"@id\":\"https:\/\/storiesforcaregivers.com\/fr\/la-nature-du-deuil\/#article\",\"isPartOf\":{\"@id\":\"https:\/\/storiesforcaregivers.com\/fr\/la-nature-du-deuil\/\"},\"author\":{\"name\":\"Bannister Bergen\",\"@id\":\"https:\/\/storiesforcaregivers.com\/#\/schema\/person\/e00c425d3166d9fd0d025792f8a51a8b\"},\"headline\":\"La nature du deuil\",\"datePublished\":\"2024-11-12T23:19:24+00:00\",\"dateModified\":\"2025-01-07T19:53:49+00:00\",\"mainEntityOfPage\":{\"@id\":\"https:\/\/storiesforcaregivers.com\/fr\/la-nature-du-deuil\/\"},\"wordCount\":103,\"publisher\":{\"@id\":\"https:\/\/storiesforcaregivers.com\/#organization\"},\"image\":{\"@id\":\"https:\/\/storiesforcaregivers.com\/fr\/la-nature-du-deuil\/#primaryimage\"},\"thumbnailUrl\":\"https:\/\/storiesforcaregivers.com\/wp-content\/uploads\/2024\/11\/Caregivers-in-the-Wild-Ep18-Thumbnail.jpg\",\"articleSection\":[\"Non classifi\u00e9(e)\"],\"inLanguage\":\"fr-FR\"},{\"@type\":\"WebPage\",\"@id\":\"https:\/\/storiesforcaregivers.com\/fr\/la-nature-du-deuil\/\",\"url\":\"https:\/\/storiesforcaregivers.com\/fr\/la-nature-du-deuil\/\",\"name\":\"La nature du deuil - Stories for Caregivers\",\"isPartOf\":{\"@id\":\"https:\/\/storiesforcaregivers.com\/#website\"},\"primaryImageOfPage\":{\"@id\":\"https:\/\/storiesforcaregivers.com\/fr\/la-nature-du-deuil\/#primaryimage\"},\"image\":{\"@id\":\"https:\/\/storiesforcaregivers.com\/fr\/la-nature-du-deuil\/#primaryimage\"},\"thumbnailUrl\":\"https:\/\/storiesforcaregivers.com\/wp-content\/uploads\/2024\/11\/Caregivers-in-the-Wild-Ep18-Thumbnail.jpg\",\"datePublished\":\"2024-11-12T23:19:24+00:00\",\"dateModified\":\"2025-01-07T19:53:49+00:00\",\"breadcrumb\":{\"@id\":\"https:\/\/storiesforcaregivers.com\/fr\/la-nature-du-deuil\/#breadcrumb\"},\"inLanguage\":\"fr-FR\",\"potentialAction\":[{\"@type\":\"ReadAction\",\"target\":[\"https:\/\/storiesforcaregivers.com\/fr\/la-nature-du-deuil\/\"]}]},{\"@type\":\"ImageObject\",\"inLanguage\":\"fr-FR\",\"@id\":\"https:\/\/storiesforcaregivers.com\/fr\/la-nature-du-deuil\/#primaryimage\",\"url\":\"https:\/\/storiesforcaregivers.com\/wp-content\/uploads\/2024\/11\/Caregivers-in-the-Wild-Ep18-Thumbnail.jpg\",\"contentUrl\":\"https:\/\/storiesforcaregivers.com\/wp-content\/uploads\/2024\/11\/Caregivers-in-the-Wild-Ep18-Thumbnail.jpg\",\"width\":1920,\"height\":1080},{\"@type\":\"BreadcrumbList\",\"@id\":\"https:\/\/storiesforcaregivers.com\/fr\/la-nature-du-deuil\/#breadcrumb\",\"itemListElement\":[{\"@type\":\"ListItem\",\"position\":1,\"name\":\"Home\",\"item\":\"https:\/\/storiesforcaregivers.com\/fr\/\"},{\"@type\":\"ListItem\",\"position\":2,\"name\":\"La nature du deuil\"}]},{\"@type\":\"WebSite\",\"@id\":\"https:\/\/storiesforcaregivers.com\/#website\",\"url\":\"https:\/\/storiesforcaregivers.com\/\",\"name\":\"Stories for Caregivers\",\"description\":\"Uplifting and inspiring web series created for caregivers\",\"publisher\":{\"@id\":\"https:\/\/storiesforcaregivers.com\/#organization\"},\"potentialAction\":[{\"@type\":\"SearchAction\",\"target\":{\"@type\":\"EntryPoint\",\"urlTemplate\":\"https:\/\/storiesforcaregivers.com\/?s={search_term_string}\"},\"query-input\":{\"@type\":\"PropertyValueSpecification\",\"valueRequired\":true,\"valueName\":\"search_term_string\"}}],\"inLanguage\":\"fr-FR\"},{\"@type\":\"Organization\",\"@id\":\"https:\/\/storiesforcaregivers.com\/#organization\",\"name\":\"Stories for Caregivers\",\"url\":\"https:\/\/storiesforcaregivers.com\/\",\"logo\":{\"@type\":\"ImageObject\",\"inLanguage\":\"fr-FR\",\"@id\":\"https:\/\/storiesforcaregivers.com\/#\/schema\/logo\/image\/\",\"url\":\"https:\/\/storiesforcaregivers.com\/wp-content\/uploads\/2021\/07\/logo.004.svg\",\"contentUrl\":\"https:\/\/storiesforcaregivers.com\/wp-content\/uploads\/2021\/07\/logo.004.svg\",\"width\":\"1024\",\"height\":\"1024\",\"caption\":\"Stories for Caregivers\"},\"image\":{\"@id\":\"https:\/\/storiesforcaregivers.com\/#\/schema\/logo\/image\/\"},\"sameAs\":[\"https:\/\/www.facebook.com\/storiesforcaregivers\",\"https:\/\/x.com\/storiesforcare\",\"https:\/\/www.youtube.com\/storiesforcaregivers\",\"https:\/\/www.instagram.com\/storiesforcaregivers\/\"]},{\"@type\":\"Person\",\"@id\":\"https:\/\/storiesforcaregivers.com\/#\/schema\/person\/e00c425d3166d9fd0d025792f8a51a8b\",\"name\":\"Bannister Bergen\",\"image\":{\"@type\":\"ImageObject\",\"inLanguage\":\"fr-FR\",\"@id\":\"https:\/\/storiesforcaregivers.com\/#\/schema\/person\/image\/\",\"url\":\"https:\/\/secure.gravatar.com\/avatar\/7d39f096be5d03c5391007e91e79c609c5e8bef43dd4ab04c3e6b1ad7d5d385a?s=96&d=mm&r=g\",\"contentUrl\":\"https:\/\/secure.gravatar.com\/avatar\/7d39f096be5d03c5391007e91e79c609c5e8bef43dd4ab04c3e6b1ad7d5d385a?s=96&d=mm&r=g\",\"caption\":\"Bannister Bergen\"},\"url\":\"https:\/\/storiesforcaregivers.com\/fr\/author\/bannister\/\"}]}<\/script>\n<!-- \/ Yoast SEO plugin. -->","yoast_head_json":{"title":"La nature du deuil - Stories for Caregivers","robots":{"index":"index","follow":"follow","max-snippet":"max-snippet:-1","max-image-preview":"max-image-preview:large","max-video-preview":"max-video-preview:-1"},"canonical":"https:\/\/storiesforcaregivers.com\/fr\/la-nature-du-deuil\/","og_locale":"fr_FR","og_type":"article","og_title":"La nature du deuil - Stories for Caregivers","og_description":"Apr\u00e9s la mort de sa femme, Karl s\u2019occupe de trois jeunes enfants qui sont en deuil. Jon Hagedorn est un guide de p\u00eache \u00e0 la mouche qui comprend les d\u00e9fis d\u2019aidance de Karl, \u00e9tant lui-m\u00eame veuf et p\u00e8re. Ensemble, ils passent du temps sur la rivi\u00e8re pour discuter de la fa\u00e7on de s\u2019occuper d\u2019enfants en [&hellip;]","og_url":"https:\/\/storiesforcaregivers.com\/fr\/la-nature-du-deuil\/","og_site_name":"Stories for Caregivers","article_publisher":"https:\/\/www.facebook.com\/storiesforcaregivers","article_published_time":"2024-11-12T23:19:24+00:00","article_modified_time":"2025-01-07T19:53:49+00:00","og_image":[{"width":1920,"height":1080,"url":"https:\/\/storiesforcaregivers.com\/wp-content\/uploads\/2024\/11\/Caregivers-in-the-Wild-Ep18-Thumbnail.jpg","type":"image\/jpeg"}],"author":"Bannister Bergen","twitter_card":"summary_large_image","twitter_creator":"@storiesforcare","twitter_site":"@storiesforcare","twitter_misc":{"Written by":"Bannister Bergen"},"schema":{"@context":"https:\/\/schema.org","@graph":[{"@type":"Article","@id":"https:\/\/storiesforcaregivers.com\/fr\/la-nature-du-deuil\/#article","isPartOf":{"@id":"https:\/\/storiesforcaregivers.com\/fr\/la-nature-du-deuil\/"},"author":{"name":"Bannister Bergen","@id":"https:\/\/storiesforcaregivers.com\/#\/schema\/person\/e00c425d3166d9fd0d025792f8a51a8b"},"headline":"La nature du deuil","datePublished":"2024-11-12T23:19:24+00:00","dateModified":"2025-01-07T19:53:49+00:00","mainEntityOfPage":{"@id":"https:\/\/storiesforcaregivers.com\/fr\/la-nature-du-deuil\/"},"wordCount":103,"publisher":{"@id":"https:\/\/storiesforcaregivers.com\/#organization"},"image":{"@id":"https:\/\/storiesforcaregivers.com\/fr\/la-nature-du-deuil\/#primaryimage"},"thumbnailUrl":"https:\/\/storiesforcaregivers.com\/wp-content\/uploads\/2024\/11\/Caregivers-in-the-Wild-Ep18-Thumbnail.jpg","articleSection":["Non classifi\u00e9(e)"],"inLanguage":"fr-FR"},{"@type":"WebPage","@id":"https:\/\/storiesforcaregivers.com\/fr\/la-nature-du-deuil\/","url":"https:\/\/storiesforcaregivers.com\/fr\/la-nature-du-deuil\/","name":"La nature du deuil - Stories for Caregivers","isPartOf":{"@id":"https:\/\/storiesforcaregivers.com\/#website"},"primaryImageOfPage":{"@id":"https:\/\/storiesforcaregivers.com\/fr\/la-nature-du-deuil\/#primaryimage"},"image":{"@id":"https:\/\/storiesforcaregivers.com\/fr\/la-nature-du-deuil\/#primaryimage"},"thumbnailUrl":"https:\/\/storiesforcaregivers.com\/wp-content\/uploads\/2024\/11\/Caregivers-in-the-Wild-Ep18-Thumbnail.jpg","datePublished":"2024-11-12T23:19:24+00:00","dateModified":"2025-01-07T19:53:49+00:00","breadcrumb":{"@id":"https:\/\/storiesforcaregivers.com\/fr\/la-nature-du-deuil\/#breadcrumb"},"inLanguage":"fr-FR","potentialAction":[{"@type":"ReadAction","target":["https:\/\/storiesforcaregivers.com\/fr\/la-nature-du-deuil\/"]}]},{"@type":"ImageObject","inLanguage":"fr-FR","@id":"https:\/\/storiesforcaregivers.com\/fr\/la-nature-du-deuil\/#primaryimage","url":"https:\/\/storiesforcaregivers.com\/wp-content\/uploads\/2024\/11\/Caregivers-in-the-Wild-Ep18-Thumbnail.jpg","contentUrl":"https:\/\/storiesforcaregivers.com\/wp-content\/uploads\/2024\/11\/Caregivers-in-the-Wild-Ep18-Thumbnail.jpg","width":1920,"height":1080},{"@type":"BreadcrumbList","@id":"https:\/\/storiesforcaregivers.com\/fr\/la-nature-du-deuil\/#breadcrumb","itemListElement":[{"@type":"ListItem","position":1,"name":"Home","item":"https:\/\/storiesforcaregivers.com\/fr\/"},{"@type":"ListItem","position":2,"name":"La nature du deuil"}]},{"@type":"WebSite","@id":"https:\/\/storiesforcaregivers.com\/#website","url":"https:\/\/storiesforcaregivers.com\/","name":"Stories for Caregivers","description":"Uplifting and inspiring web series created for caregivers","publisher":{"@id":"https:\/\/storiesforcaregivers.com\/#organization"},"potentialAction":[{"@type":"SearchAction","target":{"@type":"EntryPoint","urlTemplate":"https:\/\/storiesforcaregivers.com\/?s={search_term_string}"},"query-input":{"@type":"PropertyValueSpecification","valueRequired":true,"valueName":"search_term_string"}}],"inLanguage":"fr-FR"},{"@type":"Organization","@id":"https:\/\/storiesforcaregivers.com\/#organization","name":"Stories for Caregivers","url":"https:\/\/storiesforcaregivers.com\/","logo":{"@type":"ImageObject","inLanguage":"fr-FR","@id":"https:\/\/storiesforcaregivers.com\/#\/schema\/logo\/image\/","url":"https:\/\/storiesforcaregivers.com\/wp-content\/uploads\/2021\/07\/logo.004.svg","contentUrl":"https:\/\/storiesforcaregivers.com\/wp-content\/uploads\/2021\/07\/logo.004.svg","width":"1024","height":"1024","caption":"Stories for Caregivers"},"image":{"@id":"https:\/\/storiesforcaregivers.com\/#\/schema\/logo\/image\/"},"sameAs":["https:\/\/www.facebook.com\/storiesforcaregivers","https:\/\/x.com\/storiesforcare","https:\/\/www.youtube.com\/storiesforcaregivers","https:\/\/www.instagram.com\/storiesforcaregivers\/"]},{"@type":"Person","@id":"https:\/\/storiesforcaregivers.com\/#\/schema\/person\/e00c425d3166d9fd0d025792f8a51a8b","name":"Bannister Bergen","image":{"@type":"ImageObject","inLanguage":"fr-FR","@id":"https:\/\/storiesforcaregivers.com\/#\/schema\/person\/image\/","url":"https:\/\/secure.gravatar.com\/avatar\/7d39f096be5d03c5391007e91e79c609c5e8bef43dd4ab04c3e6b1ad7d5d385a?s=96&d=mm&r=g","contentUrl":"https:\/\/secure.gravatar.com\/avatar\/7d39f096be5d03c5391007e91e79c609c5e8bef43dd4ab04c3e6b1ad7d5d385a?s=96&d=mm&r=g","caption":"Bannister Bergen"},"url":"https:\/\/storiesforcaregivers.com\/fr\/author\/bannister\/"}]}},"jetpack_featured_media_url":"https:\/\/storiesforcaregivers.com\/wp-content\/uploads\/2024\/11\/Caregivers-in-the-Wild-Ep18-Thumbnail.jpg","jetpack_sharing_enabled":true,"_links":{"self":[{"href":"https:\/\/storiesforcaregivers.com\/fr\/wp-json\/wp\/v2\/posts\/6922","targetHints":{"allow":["GET"]}}],"collection":[{"href":"https:\/\/storiesforcaregivers.com\/fr\/wp-json\/wp\/v2\/posts"}],"about":[{"href":"https:\/\/storiesforcaregivers.com\/fr\/wp-json\/wp\/v2\/types\/post"}],"author":[{"embeddable":true,"href":"https:\/\/storiesforcaregivers.com\/fr\/wp-json\/wp\/v2\/users\/2"}],"replies":[{"embeddable":true,"href":"https:\/\/storiesforcaregivers.com\/fr\/wp-json\/wp\/v2\/comments?post=6922"}],"version-history":[{"count":1,"href":"https:\/\/storiesforcaregivers.com\/fr\/wp-json\/wp\/v2\/posts\/6922\/revisions"}],"predecessor-version":[{"id":6925,"href":"https:\/\/storiesforcaregivers.com\/fr\/wp-json\/wp\/v2\/posts\/6922\/revisions\/6925"}],"wp:featuredmedia":[{"embeddable":true,"href":"https:\/\/storiesforcaregivers.com\/fr\/wp-json\/wp\/v2\/media\/6900"}],"wp:attachment":[{"href":"https:\/\/storiesforcaregivers.com\/fr\/wp-json\/wp\/v2\/media?parent=6922"}],"wp:term":[{"taxonomy":"category","embeddable":true,"href":"https:\/\/storiesforcaregivers.com\/fr\/wp-json\/wp\/v2\/categories?post=6922"},{"taxonomy":"post_tag","embeddable":true,"href":"https:\/\/storiesforcaregivers.com\/fr\/wp-json\/wp\/v2\/tags?post=6922"},{"taxonomy":"series","embeddable":true,"href":"https:\/\/storiesforcaregivers.com\/fr\/wp-json\/wp\/v2\/series?post=6922"}],"curies":[{"name":"wp","href":"https:\/\/api.w.org\/{rel}","templated":true}]}}