{"id":4848,"date":"2021-07-30T01:25:48","date_gmt":"2021-07-30T08:25:48","guid":{"rendered":"https:\/\/storiesforcaregivers.com\/une-musique-qui-guerit\/"},"modified":"2023-07-31T15:25:15","modified_gmt":"2023-07-31T22:25:15","slug":"une-musique-qui-guerit","status":"publish","type":"post","link":"https:\/\/storiesforcaregivers.com\/fr\/une-musique-qui-guerit\/","title":{"rendered":"Une musique qui gu\u00e9rit"},"content":{"rendered":"\n<figure class=\"wp-block-embed is-type-video is-provider-youtube wp-block-embed-youtube wp-embed-aspect-16-9 wp-has-aspect-ratio\"><div class=\"wp-block-embed__wrapper\">\n<iframe loading=\"lazy\" title=\"House Call with Dr. Yvette Lu: Music Can Heal Us (6\/6)\" width=\"1104\" height=\"621\" src=\"https:\/\/www.youtube.com\/embed\/40FFuKAVmeQ?feature=oembed\" frameborder=\"0\" allow=\"accelerometer; autoplay; clipboard-write; encrypted-media; gyroscope; picture-in-picture; web-share\" allowfullscreen><\/iframe>\n<\/div><\/figure>\n\n\n\n<p>Alice et Vic partagent la responsabilit\u00e9 de prendre soin de la m\u00e8re d\u2019Alice, Luz. Ils n\u2019ont pas eu beaucoup de temps pour faire quoi que ce soit ensemble en dehors des soins, ce qui nuit \u00e0 leur relation. En collaboration avec Sheila, musicoth\u00e9rapeute, ils utilisent la musique \u00e0 des fins th\u00e9rapeutiques pour am\u00e9liorer leur sant\u00e9 et leur relation.  <br> <br>Remerciements particuliers \u00e0 Alice, Vic, et Luz.<br><br>Produite par <a rel=\"noreferrer noopener\" href=\"https:\/\/www.supercreative.ca\/\" target=\"_blank\">Super Creative<\/a><br><\/p>\n\n\n\n<p>CLAUSE DE NON-RESPONSABILIT\u00c9<br><br><em>Ce programme est pr\u00e9sent\u00e9 \u00e0 titre informatif seulement et s\u2019adresse uniquement aux r\u00e9sidents du Canada. Ce programme ne cr\u00e9e pas de relation patient-m\u00e9decin entre vous et les participants au programme et ne constitue pas un avis m\u00e9dical, un diagnostic, un traitement ou des soins, ni un substitut \u00e0 ce qui pr\u00e9c\u00e8de. Consultez votre m\u00e9decin ou un autre professionnel de la sant\u00e9 qualifi\u00e9 si vous avez des questions au sujet de ce programme et avant de commencer, de modifier ou d\u2019arr\u00eater tout traitement, r\u00e9gime ou programme de conditionnement physique. Histoires de proches aidants, Super Creative Corporation et la Dre Yvette Lu se d\u00e9gagent express\u00e9ment de toute responsabilit\u00e9 pour tout dommage, perte, pr\u00e9judice ou responsabilit\u00e9 de quelque nature que ce soit en lien avec les renseignements fournis dans ce programme ou avec la confiance que vous lui accordez.<\/em><\/p>\n","protected":false},"excerpt":{"rendered":"<p>Alice et Vic partagent la responsabilit\u00e9 de prendre soin de la m\u00e8re d\u2019Alice, Luz. Ils n\u2019ont pas eu beaucoup de temps pour faire quoi que ce soit ensemble en dehors des soins, ce qui nuit \u00e0 leur relation. En collaboration avec Sheila, musicoth\u00e9rapeute, ils utilisent la musique \u00e0 des fins th\u00e9rapeutiques pour am\u00e9liorer leur sant\u00e9 [&hellip;]<\/p>\n","protected":false},"author":2,"featured_media":4205,"comment_status":"closed","ping_status":"closed","sticky":false,"template":"","format":"video","meta":{"inline_featured_image":false,"_jetpack_memberships_contains_paid_content":false,"footnotes":""},"categories":[52],"tags":[],"series":[72],"class_list":["post-4848","post","type-post","status-publish","format-video","has-post-thumbnail","hentry","category-non-classifiee","post_format-post-format-video","series-visite-a-domicile-avec-la-dre-yvette-lu"],"yoast_head":"<!-- This site is optimized with the Yoast SEO plugin v27.0 - https:\/\/yoast.com\/product\/yoast-seo-wordpress\/ -->\n<title>Une musique qui gu\u00e9rit - Stories for Caregivers<\/title>\n<meta name=\"robots\" content=\"index, follow, max-snippet:-1, max-image-preview:large, max-video-preview:-1\" \/>\n<link rel=\"canonical\" href=\"https:\/\/storiesforcaregivers.com\/fr\/une-musique-qui-guerit\/\" \/>\n<meta property=\"og:locale\" content=\"fr_FR\" \/>\n<meta property=\"og:type\" content=\"article\" \/>\n<meta property=\"og:title\" content=\"Une musique qui gu\u00e9rit - Stories for Caregivers\" \/>\n<meta property=\"og:description\" content=\"Alice et Vic partagent la responsabilit\u00e9 de prendre soin de la m\u00e8re d\u2019Alice, Luz. Ils n\u2019ont pas eu beaucoup de temps pour faire quoi que ce soit ensemble en dehors des soins, ce qui nuit \u00e0 leur relation. En collaboration avec Sheila, musicoth\u00e9rapeute, ils utilisent la musique \u00e0 des fins th\u00e9rapeutiques pour am\u00e9liorer leur sant\u00e9 [&hellip;]\" \/>\n<meta property=\"og:url\" content=\"https:\/\/storiesforcaregivers.com\/fr\/une-musique-qui-guerit\/\" \/>\n<meta property=\"og:site_name\" content=\"Stories for Caregivers\" \/>\n<meta property=\"article:publisher\" content=\"https:\/\/www.facebook.com\/storiesforcaregivers\" \/>\n<meta property=\"article:published_time\" content=\"2021-07-30T08:25:48+00:00\" \/>\n<meta property=\"article:modified_time\" content=\"2023-07-31T22:25:15+00:00\" \/>\n<meta property=\"og:image\" content=\"https:\/\/storiesforcaregivers.com\/wp-content\/uploads\/2021\/07\/HC_106-7thumbnail.jpg\" \/>\n\t<meta property=\"og:image:width\" content=\"1920\" \/>\n\t<meta property=\"og:image:height\" content=\"1080\" \/>\n\t<meta property=\"og:image:type\" content=\"image\/jpeg\" \/>\n<meta name=\"author\" content=\"Bannister Bergen\" \/>\n<meta name=\"twitter:card\" content=\"summary_large_image\" \/>\n<meta name=\"twitter:creator\" content=\"@storiesforcare\" \/>\n<meta name=\"twitter:site\" content=\"@storiesforcare\" \/>\n<meta name=\"twitter:label1\" content=\"Written by\" \/>\n\t<meta name=\"twitter:data1\" content=\"Bannister Bergen\" \/>\n\t<meta name=\"twitter:label2\" content=\"Est. reading time\" \/>\n\t<meta name=\"twitter:data2\" content=\"1 minute\" \/>\n<script type=\"application\/ld+json\" class=\"yoast-schema-graph\">{\"@context\":\"https:\/\/schema.org\",\"@graph\":[{\"@type\":\"Article\",\"@id\":\"https:\/\/storiesforcaregivers.com\/fr\/une-musique-qui-guerit\/#article\",\"isPartOf\":{\"@id\":\"https:\/\/storiesforcaregivers.com\/fr\/une-musique-qui-guerit\/\"},\"author\":{\"name\":\"Bannister Bergen\",\"@id\":\"https:\/\/storiesforcaregivers.com\/#\/schema\/person\/e00c425d3166d9fd0d025792f8a51a8b\"},\"headline\":\"Une musique qui gu\u00e9rit\",\"datePublished\":\"2021-07-30T08:25:48+00:00\",\"dateModified\":\"2023-07-31T22:25:15+00:00\",\"mainEntityOfPage\":{\"@id\":\"https:\/\/storiesforcaregivers.com\/fr\/une-musique-qui-guerit\/\"},\"wordCount\":236,\"publisher\":{\"@id\":\"https:\/\/storiesforcaregivers.com\/#organization\"},\"image\":{\"@id\":\"https:\/\/storiesforcaregivers.com\/fr\/une-musique-qui-guerit\/#primaryimage\"},\"thumbnailUrl\":\"https:\/\/storiesforcaregivers.com\/wp-content\/uploads\/2021\/07\/HC_106-7thumbnail.jpg\",\"articleSection\":[\"Non classifi\u00e9(e)\"],\"inLanguage\":\"fr-FR\"},{\"@type\":\"WebPage\",\"@id\":\"https:\/\/storiesforcaregivers.com\/fr\/une-musique-qui-guerit\/\",\"url\":\"https:\/\/storiesforcaregivers.com\/fr\/une-musique-qui-guerit\/\",\"name\":\"Une musique qui gu\u00e9rit - Stories for Caregivers\",\"isPartOf\":{\"@id\":\"https:\/\/storiesforcaregivers.com\/#website\"},\"primaryImageOfPage\":{\"@id\":\"https:\/\/storiesforcaregivers.com\/fr\/une-musique-qui-guerit\/#primaryimage\"},\"image\":{\"@id\":\"https:\/\/storiesforcaregivers.com\/fr\/une-musique-qui-guerit\/#primaryimage\"},\"thumbnailUrl\":\"https:\/\/storiesforcaregivers.com\/wp-content\/uploads\/2021\/07\/HC_106-7thumbnail.jpg\",\"datePublished\":\"2021-07-30T08:25:48+00:00\",\"dateModified\":\"2023-07-31T22:25:15+00:00\",\"breadcrumb\":{\"@id\":\"https:\/\/storiesforcaregivers.com\/fr\/une-musique-qui-guerit\/#breadcrumb\"},\"inLanguage\":\"fr-FR\",\"potentialAction\":[{\"@type\":\"ReadAction\",\"target\":[\"https:\/\/storiesforcaregivers.com\/fr\/une-musique-qui-guerit\/\"]}]},{\"@type\":\"ImageObject\",\"inLanguage\":\"fr-FR\",\"@id\":\"https:\/\/storiesforcaregivers.com\/fr\/une-musique-qui-guerit\/#primaryimage\",\"url\":\"https:\/\/storiesforcaregivers.com\/wp-content\/uploads\/2021\/07\/HC_106-7thumbnail.jpg\",\"contentUrl\":\"https:\/\/storiesforcaregivers.com\/wp-content\/uploads\/2021\/07\/HC_106-7thumbnail.jpg\",\"width\":1920,\"height\":1080},{\"@type\":\"BreadcrumbList\",\"@id\":\"https:\/\/storiesforcaregivers.com\/fr\/une-musique-qui-guerit\/#breadcrumb\",\"itemListElement\":[{\"@type\":\"ListItem\",\"position\":1,\"name\":\"Home\",\"item\":\"https:\/\/storiesforcaregivers.com\/fr\/\"},{\"@type\":\"ListItem\",\"position\":2,\"name\":\"Une musique qui gu\u00e9rit\"}]},{\"@type\":\"WebSite\",\"@id\":\"https:\/\/storiesforcaregivers.com\/#website\",\"url\":\"https:\/\/storiesforcaregivers.com\/\",\"name\":\"Stories for Caregivers\",\"description\":\"Uplifting and inspiring web series created for caregivers\",\"publisher\":{\"@id\":\"https:\/\/storiesforcaregivers.com\/#organization\"},\"potentialAction\":[{\"@type\":\"SearchAction\",\"target\":{\"@type\":\"EntryPoint\",\"urlTemplate\":\"https:\/\/storiesforcaregivers.com\/?s={search_term_string}\"},\"query-input\":{\"@type\":\"PropertyValueSpecification\",\"valueRequired\":true,\"valueName\":\"search_term_string\"}}],\"inLanguage\":\"fr-FR\"},{\"@type\":\"Organization\",\"@id\":\"https:\/\/storiesforcaregivers.com\/#organization\",\"name\":\"Stories for Caregivers\",\"url\":\"https:\/\/storiesforcaregivers.com\/\",\"logo\":{\"@type\":\"ImageObject\",\"inLanguage\":\"fr-FR\",\"@id\":\"https:\/\/storiesforcaregivers.com\/#\/schema\/logo\/image\/\",\"url\":\"https:\/\/storiesforcaregivers.com\/wp-content\/uploads\/2021\/07\/logo.004.svg\",\"contentUrl\":\"https:\/\/storiesforcaregivers.com\/wp-content\/uploads\/2021\/07\/logo.004.svg\",\"width\":\"1024\",\"height\":\"1024\",\"caption\":\"Stories for Caregivers\"},\"image\":{\"@id\":\"https:\/\/storiesforcaregivers.com\/#\/schema\/logo\/image\/\"},\"sameAs\":[\"https:\/\/www.facebook.com\/storiesforcaregivers\",\"https:\/\/x.com\/storiesforcare\",\"https:\/\/www.youtube.com\/storiesforcaregivers\",\"https:\/\/www.instagram.com\/storiesforcaregivers\/\"]},{\"@type\":\"Person\",\"@id\":\"https:\/\/storiesforcaregivers.com\/#\/schema\/person\/e00c425d3166d9fd0d025792f8a51a8b\",\"name\":\"Bannister Bergen\",\"image\":{\"@type\":\"ImageObject\",\"inLanguage\":\"fr-FR\",\"@id\":\"https:\/\/storiesforcaregivers.com\/#\/schema\/person\/image\/\",\"url\":\"https:\/\/secure.gravatar.com\/avatar\/7d39f096be5d03c5391007e91e79c609c5e8bef43dd4ab04c3e6b1ad7d5d385a?s=96&d=mm&r=g\",\"contentUrl\":\"https:\/\/secure.gravatar.com\/avatar\/7d39f096be5d03c5391007e91e79c609c5e8bef43dd4ab04c3e6b1ad7d5d385a?s=96&d=mm&r=g\",\"caption\":\"Bannister Bergen\"},\"url\":\"https:\/\/storiesforcaregivers.com\/fr\/author\/bannister\/\"}]}<\/script>\n<!-- \/ Yoast SEO plugin. -->","yoast_head_json":{"title":"Une musique qui gu\u00e9rit - Stories for Caregivers","robots":{"index":"index","follow":"follow","max-snippet":"max-snippet:-1","max-image-preview":"max-image-preview:large","max-video-preview":"max-video-preview:-1"},"canonical":"https:\/\/storiesforcaregivers.com\/fr\/une-musique-qui-guerit\/","og_locale":"fr_FR","og_type":"article","og_title":"Une musique qui gu\u00e9rit - Stories for Caregivers","og_description":"Alice et Vic partagent la responsabilit\u00e9 de prendre soin de la m\u00e8re d\u2019Alice, Luz. Ils n\u2019ont pas eu beaucoup de temps pour faire quoi que ce soit ensemble en dehors des soins, ce qui nuit \u00e0 leur relation. En collaboration avec Sheila, musicoth\u00e9rapeute, ils utilisent la musique \u00e0 des fins th\u00e9rapeutiques pour am\u00e9liorer leur sant\u00e9 [&hellip;]","og_url":"https:\/\/storiesforcaregivers.com\/fr\/une-musique-qui-guerit\/","og_site_name":"Stories for Caregivers","article_publisher":"https:\/\/www.facebook.com\/storiesforcaregivers","article_published_time":"2021-07-30T08:25:48+00:00","article_modified_time":"2023-07-31T22:25:15+00:00","og_image":[{"width":1920,"height":1080,"url":"https:\/\/storiesforcaregivers.com\/wp-content\/uploads\/2021\/07\/HC_106-7thumbnail.jpg","type":"image\/jpeg"}],"author":"Bannister Bergen","twitter_card":"summary_large_image","twitter_creator":"@storiesforcare","twitter_site":"@storiesforcare","twitter_misc":{"Written by":"Bannister Bergen","Est. reading time":"1 minute"},"schema":{"@context":"https:\/\/schema.org","@graph":[{"@type":"Article","@id":"https:\/\/storiesforcaregivers.com\/fr\/une-musique-qui-guerit\/#article","isPartOf":{"@id":"https:\/\/storiesforcaregivers.com\/fr\/une-musique-qui-guerit\/"},"author":{"name":"Bannister Bergen","@id":"https:\/\/storiesforcaregivers.com\/#\/schema\/person\/e00c425d3166d9fd0d025792f8a51a8b"},"headline":"Une musique qui gu\u00e9rit","datePublished":"2021-07-30T08:25:48+00:00","dateModified":"2023-07-31T22:25:15+00:00","mainEntityOfPage":{"@id":"https:\/\/storiesforcaregivers.com\/fr\/une-musique-qui-guerit\/"},"wordCount":236,"publisher":{"@id":"https:\/\/storiesforcaregivers.com\/#organization"},"image":{"@id":"https:\/\/storiesforcaregivers.com\/fr\/une-musique-qui-guerit\/#primaryimage"},"thumbnailUrl":"https:\/\/storiesforcaregivers.com\/wp-content\/uploads\/2021\/07\/HC_106-7thumbnail.jpg","articleSection":["Non classifi\u00e9(e)"],"inLanguage":"fr-FR"},{"@type":"WebPage","@id":"https:\/\/storiesforcaregivers.com\/fr\/une-musique-qui-guerit\/","url":"https:\/\/storiesforcaregivers.com\/fr\/une-musique-qui-guerit\/","name":"Une musique qui gu\u00e9rit - Stories for Caregivers","isPartOf":{"@id":"https:\/\/storiesforcaregivers.com\/#website"},"primaryImageOfPage":{"@id":"https:\/\/storiesforcaregivers.com\/fr\/une-musique-qui-guerit\/#primaryimage"},"image":{"@id":"https:\/\/storiesforcaregivers.com\/fr\/une-musique-qui-guerit\/#primaryimage"},"thumbnailUrl":"https:\/\/storiesforcaregivers.com\/wp-content\/uploads\/2021\/07\/HC_106-7thumbnail.jpg","datePublished":"2021-07-30T08:25:48+00:00","dateModified":"2023-07-31T22:25:15+00:00","breadcrumb":{"@id":"https:\/\/storiesforcaregivers.com\/fr\/une-musique-qui-guerit\/#breadcrumb"},"inLanguage":"fr-FR","potentialAction":[{"@type":"ReadAction","target":["https:\/\/storiesforcaregivers.com\/fr\/une-musique-qui-guerit\/"]}]},{"@type":"ImageObject","inLanguage":"fr-FR","@id":"https:\/\/storiesforcaregivers.com\/fr\/une-musique-qui-guerit\/#primaryimage","url":"https:\/\/storiesforcaregivers.com\/wp-content\/uploads\/2021\/07\/HC_106-7thumbnail.jpg","contentUrl":"https:\/\/storiesforcaregivers.com\/wp-content\/uploads\/2021\/07\/HC_106-7thumbnail.jpg","width":1920,"height":1080},{"@type":"BreadcrumbList","@id":"https:\/\/storiesforcaregivers.com\/fr\/une-musique-qui-guerit\/#breadcrumb","itemListElement":[{"@type":"ListItem","position":1,"name":"Home","item":"https:\/\/storiesforcaregivers.com\/fr\/"},{"@type":"ListItem","position":2,"name":"Une musique qui gu\u00e9rit"}]},{"@type":"WebSite","@id":"https:\/\/storiesforcaregivers.com\/#website","url":"https:\/\/storiesforcaregivers.com\/","name":"Stories for Caregivers","description":"Uplifting and inspiring web series created for caregivers","publisher":{"@id":"https:\/\/storiesforcaregivers.com\/#organization"},"potentialAction":[{"@type":"SearchAction","target":{"@type":"EntryPoint","urlTemplate":"https:\/\/storiesforcaregivers.com\/?s={search_term_string}"},"query-input":{"@type":"PropertyValueSpecification","valueRequired":true,"valueName":"search_term_string"}}],"inLanguage":"fr-FR"},{"@type":"Organization","@id":"https:\/\/storiesforcaregivers.com\/#organization","name":"Stories for Caregivers","url":"https:\/\/storiesforcaregivers.com\/","logo":{"@type":"ImageObject","inLanguage":"fr-FR","@id":"https:\/\/storiesforcaregivers.com\/#\/schema\/logo\/image\/","url":"https:\/\/storiesforcaregivers.com\/wp-content\/uploads\/2021\/07\/logo.004.svg","contentUrl":"https:\/\/storiesforcaregivers.com\/wp-content\/uploads\/2021\/07\/logo.004.svg","width":"1024","height":"1024","caption":"Stories for Caregivers"},"image":{"@id":"https:\/\/storiesforcaregivers.com\/#\/schema\/logo\/image\/"},"sameAs":["https:\/\/www.facebook.com\/storiesforcaregivers","https:\/\/x.com\/storiesforcare","https:\/\/www.youtube.com\/storiesforcaregivers","https:\/\/www.instagram.com\/storiesforcaregivers\/"]},{"@type":"Person","@id":"https:\/\/storiesforcaregivers.com\/#\/schema\/person\/e00c425d3166d9fd0d025792f8a51a8b","name":"Bannister Bergen","image":{"@type":"ImageObject","inLanguage":"fr-FR","@id":"https:\/\/storiesforcaregivers.com\/#\/schema\/person\/image\/","url":"https:\/\/secure.gravatar.com\/avatar\/7d39f096be5d03c5391007e91e79c609c5e8bef43dd4ab04c3e6b1ad7d5d385a?s=96&d=mm&r=g","contentUrl":"https:\/\/secure.gravatar.com\/avatar\/7d39f096be5d03c5391007e91e79c609c5e8bef43dd4ab04c3e6b1ad7d5d385a?s=96&d=mm&r=g","caption":"Bannister Bergen"},"url":"https:\/\/storiesforcaregivers.com\/fr\/author\/bannister\/"}]}},"jetpack_featured_media_url":"https:\/\/storiesforcaregivers.com\/wp-content\/uploads\/2021\/07\/HC_106-7thumbnail.jpg","jetpack_sharing_enabled":true,"_links":{"self":[{"href":"https:\/\/storiesforcaregivers.com\/fr\/wp-json\/wp\/v2\/posts\/4848","targetHints":{"allow":["GET"]}}],"collection":[{"href":"https:\/\/storiesforcaregivers.com\/fr\/wp-json\/wp\/v2\/posts"}],"about":[{"href":"https:\/\/storiesforcaregivers.com\/fr\/wp-json\/wp\/v2\/types\/post"}],"author":[{"embeddable":true,"href":"https:\/\/storiesforcaregivers.com\/fr\/wp-json\/wp\/v2\/users\/2"}],"replies":[{"embeddable":true,"href":"https:\/\/storiesforcaregivers.com\/fr\/wp-json\/wp\/v2\/comments?post=4848"}],"version-history":[{"count":4,"href":"https:\/\/storiesforcaregivers.com\/fr\/wp-json\/wp\/v2\/posts\/4848\/revisions"}],"predecessor-version":[{"id":5728,"href":"https:\/\/storiesforcaregivers.com\/fr\/wp-json\/wp\/v2\/posts\/4848\/revisions\/5728"}],"wp:featuredmedia":[{"embeddable":true,"href":"https:\/\/storiesforcaregivers.com\/fr\/wp-json\/wp\/v2\/media\/4205"}],"wp:attachment":[{"href":"https:\/\/storiesforcaregivers.com\/fr\/wp-json\/wp\/v2\/media?parent=4848"}],"wp:term":[{"taxonomy":"category","embeddable":true,"href":"https:\/\/storiesforcaregivers.com\/fr\/wp-json\/wp\/v2\/categories?post=4848"},{"taxonomy":"post_tag","embeddable":true,"href":"https:\/\/storiesforcaregivers.com\/fr\/wp-json\/wp\/v2\/tags?post=4848"},{"taxonomy":"series","embeddable":true,"href":"https:\/\/storiesforcaregivers.com\/fr\/wp-json\/wp\/v2\/series?post=4848"}],"curies":[{"name":"wp","href":"https:\/\/api.w.org\/{rel}","templated":true}]}}