{"id":4558,"date":"2021-07-30T13:31:19","date_gmt":"2021-07-30T20:31:19","guid":{"rendered":"https:\/\/storiesforcaregivers.com\/lhistoire-de-patti\/"},"modified":"2023-07-31T16:03:56","modified_gmt":"2023-07-31T23:03:56","slug":"lhistoire-de-patti","status":"publish","type":"post","link":"https:\/\/storiesforcaregivers.com\/fr\/lhistoire-de-patti\/","title":{"rendered":"L\u2019histoire de Patti"},"content":{"rendered":"\n<figure class=\"wp-block-embed is-type-video is-provider-youtube wp-block-embed-youtube wp-embed-aspect-16-9 wp-has-aspect-ratio\"><div class=\"wp-block-embed__wrapper\">\n<iframe loading=\"lazy\" title=\"Being There: Patti\u2019s Story (1\/13)\" width=\"1104\" height=\"621\" src=\"https:\/\/www.youtube.com\/embed\/jQxNl33F834?feature=oembed\" frameborder=\"0\" allow=\"accelerometer; autoplay; clipboard-write; encrypted-media; gyroscope; picture-in-picture; web-share\" allowfullscreen><\/iframe>\n<\/div><\/figure>\n\n\n\n<p>Patti et Sherri se sont rencontr\u00e9es \u00e0 l\u2019\u00e2ge de 14 ans et sont toujours rest\u00e9es des amies fid\u00e8les depuis. L\u2019histoire de Patti nous enseigne ce que signifie \u00eatre \u00e0 la fois une amie et une aidante. <br> <br>Un merci sp\u00e9cial \u00e0 Patti et Sherri<br><br>Produite par <a rel=\"noreferrer noopener\" href=\"http:\/\/www.roadwestpictures.com\" data-type=\"URL\" data-id=\"http:\/\/www.roadwestpictures.com\" target=\"_blank\">Roadwest Pictures<\/a> et <a rel=\"noreferrer noopener\" href=\"https:\/\/www.centrepinmedia.com\" data-type=\"URL\" data-id=\"https:\/\/www.centrepinmedia.com\" target=\"_blank\">Centre Pin Media<\/a> <\/p>\n","protected":false},"excerpt":{"rendered":"<p>Patti et Sherri se sont rencontr\u00e9es \u00e0 l\u2019\u00e2ge de 14 ans et sont toujours rest\u00e9es des amies fid\u00e8les depuis. L\u2019histoire de Patti nous enseigne ce que signifie \u00eatre \u00e0 la fois une amie et une aidante. Un merci sp\u00e9cial \u00e0 Patti et Sherri Produite par Roadwest Pictures et Centre Pin Media<\/p>\n","protected":false},"author":2,"featured_media":4560,"comment_status":"closed","ping_status":"closed","sticky":false,"template":"","format":"video","meta":{"inline_featured_image":false,"_jetpack_memberships_contains_paid_content":false,"footnotes":""},"categories":[52],"tags":[],"series":[66],"class_list":["post-4558","post","type-post","status-publish","format-video","has-post-thumbnail","hentry","category-non-classifiee","post_format-post-format-video","series-etre-la"],"yoast_head":"<!-- This site is optimized with the Yoast SEO plugin v27.0 - https:\/\/yoast.com\/product\/yoast-seo-wordpress\/ -->\n<title>L\u2019histoire de Patti - Stories for Caregivers<\/title>\n<meta name=\"robots\" content=\"index, follow, max-snippet:-1, max-image-preview:large, max-video-preview:-1\" \/>\n<link rel=\"canonical\" href=\"https:\/\/storiesforcaregivers.com\/fr\/lhistoire-de-patti\/\" \/>\n<meta property=\"og:locale\" content=\"fr_FR\" \/>\n<meta property=\"og:type\" content=\"article\" \/>\n<meta property=\"og:title\" content=\"L\u2019histoire de Patti - Stories for Caregivers\" \/>\n<meta property=\"og:description\" content=\"Patti et Sherri se sont rencontr\u00e9es \u00e0 l\u2019\u00e2ge de 14 ans et sont toujours rest\u00e9es des amies fid\u00e8les depuis. L\u2019histoire de Patti nous enseigne ce que signifie \u00eatre \u00e0 la fois une amie et une aidante. Un merci sp\u00e9cial \u00e0 Patti et Sherri Produite par Roadwest Pictures et Centre Pin Media\" \/>\n<meta property=\"og:url\" content=\"https:\/\/storiesforcaregivers.com\/fr\/lhistoire-de-patti\/\" \/>\n<meta property=\"og:site_name\" content=\"Stories for Caregivers\" \/>\n<meta property=\"article:publisher\" content=\"https:\/\/www.facebook.com\/storiesforcaregivers\" \/>\n<meta property=\"article:published_time\" content=\"2021-07-30T20:31:19+00:00\" \/>\n<meta property=\"article:modified_time\" content=\"2023-07-31T23:03:56+00:00\" \/>\n<meta property=\"og:image\" content=\"https:\/\/storiesforcaregivers.com\/wp-content\/uploads\/2023\/02\/lhistoire-de-patti.jpg\" \/>\n\t<meta property=\"og:image:width\" content=\"1280\" \/>\n\t<meta property=\"og:image:height\" content=\"720\" \/>\n\t<meta property=\"og:image:type\" content=\"image\/jpeg\" \/>\n<meta name=\"author\" content=\"Bannister Bergen\" \/>\n<meta name=\"twitter:card\" content=\"summary_large_image\" \/>\n<meta name=\"twitter:creator\" content=\"@storiesforcare\" \/>\n<meta name=\"twitter:site\" content=\"@storiesforcare\" \/>\n<meta name=\"twitter:label1\" content=\"Written by\" \/>\n\t<meta name=\"twitter:data1\" content=\"Bannister Bergen\" \/>\n<script type=\"application\/ld+json\" class=\"yoast-schema-graph\">{\"@context\":\"https:\/\/schema.org\",\"@graph\":[{\"@type\":\"Article\",\"@id\":\"https:\/\/storiesforcaregivers.com\/fr\/lhistoire-de-patti\/#article\",\"isPartOf\":{\"@id\":\"https:\/\/storiesforcaregivers.com\/fr\/lhistoire-de-patti\/\"},\"author\":{\"name\":\"Bannister Bergen\",\"@id\":\"https:\/\/storiesforcaregivers.com\/#\/schema\/person\/e00c425d3166d9fd0d025792f8a51a8b\"},\"headline\":\"L\u2019histoire de Patti\",\"datePublished\":\"2021-07-30T20:31:19+00:00\",\"dateModified\":\"2023-07-31T23:03:56+00:00\",\"mainEntityOfPage\":{\"@id\":\"https:\/\/storiesforcaregivers.com\/fr\/lhistoire-de-patti\/\"},\"wordCount\":65,\"publisher\":{\"@id\":\"https:\/\/storiesforcaregivers.com\/#organization\"},\"image\":{\"@id\":\"https:\/\/storiesforcaregivers.com\/fr\/lhistoire-de-patti\/#primaryimage\"},\"thumbnailUrl\":\"https:\/\/storiesforcaregivers.com\/wp-content\/uploads\/2023\/02\/lhistoire-de-patti.jpg\",\"articleSection\":[\"Non classifi\u00e9(e)\"],\"inLanguage\":\"fr-FR\"},{\"@type\":\"WebPage\",\"@id\":\"https:\/\/storiesforcaregivers.com\/fr\/lhistoire-de-patti\/\",\"url\":\"https:\/\/storiesforcaregivers.com\/fr\/lhistoire-de-patti\/\",\"name\":\"L\u2019histoire de Patti - Stories for Caregivers\",\"isPartOf\":{\"@id\":\"https:\/\/storiesforcaregivers.com\/#website\"},\"primaryImageOfPage\":{\"@id\":\"https:\/\/storiesforcaregivers.com\/fr\/lhistoire-de-patti\/#primaryimage\"},\"image\":{\"@id\":\"https:\/\/storiesforcaregivers.com\/fr\/lhistoire-de-patti\/#primaryimage\"},\"thumbnailUrl\":\"https:\/\/storiesforcaregivers.com\/wp-content\/uploads\/2023\/02\/lhistoire-de-patti.jpg\",\"datePublished\":\"2021-07-30T20:31:19+00:00\",\"dateModified\":\"2023-07-31T23:03:56+00:00\",\"breadcrumb\":{\"@id\":\"https:\/\/storiesforcaregivers.com\/fr\/lhistoire-de-patti\/#breadcrumb\"},\"inLanguage\":\"fr-FR\",\"potentialAction\":[{\"@type\":\"ReadAction\",\"target\":[\"https:\/\/storiesforcaregivers.com\/fr\/lhistoire-de-patti\/\"]}]},{\"@type\":\"ImageObject\",\"inLanguage\":\"fr-FR\",\"@id\":\"https:\/\/storiesforcaregivers.com\/fr\/lhistoire-de-patti\/#primaryimage\",\"url\":\"https:\/\/storiesforcaregivers.com\/wp-content\/uploads\/2023\/02\/lhistoire-de-patti.jpg\",\"contentUrl\":\"https:\/\/storiesforcaregivers.com\/wp-content\/uploads\/2023\/02\/lhistoire-de-patti.jpg\",\"width\":1280,\"height\":720},{\"@type\":\"BreadcrumbList\",\"@id\":\"https:\/\/storiesforcaregivers.com\/fr\/lhistoire-de-patti\/#breadcrumb\",\"itemListElement\":[{\"@type\":\"ListItem\",\"position\":1,\"name\":\"Home\",\"item\":\"https:\/\/storiesforcaregivers.com\/fr\/\"},{\"@type\":\"ListItem\",\"position\":2,\"name\":\"L\u2019histoire de Patti\"}]},{\"@type\":\"WebSite\",\"@id\":\"https:\/\/storiesforcaregivers.com\/#website\",\"url\":\"https:\/\/storiesforcaregivers.com\/\",\"name\":\"Stories for Caregivers\",\"description\":\"Uplifting and inspiring web series created for caregivers\",\"publisher\":{\"@id\":\"https:\/\/storiesforcaregivers.com\/#organization\"},\"potentialAction\":[{\"@type\":\"SearchAction\",\"target\":{\"@type\":\"EntryPoint\",\"urlTemplate\":\"https:\/\/storiesforcaregivers.com\/?s={search_term_string}\"},\"query-input\":{\"@type\":\"PropertyValueSpecification\",\"valueRequired\":true,\"valueName\":\"search_term_string\"}}],\"inLanguage\":\"fr-FR\"},{\"@type\":\"Organization\",\"@id\":\"https:\/\/storiesforcaregivers.com\/#organization\",\"name\":\"Stories for Caregivers\",\"url\":\"https:\/\/storiesforcaregivers.com\/\",\"logo\":{\"@type\":\"ImageObject\",\"inLanguage\":\"fr-FR\",\"@id\":\"https:\/\/storiesforcaregivers.com\/#\/schema\/logo\/image\/\",\"url\":\"https:\/\/storiesforcaregivers.com\/wp-content\/uploads\/2021\/07\/logo.004.svg\",\"contentUrl\":\"https:\/\/storiesforcaregivers.com\/wp-content\/uploads\/2021\/07\/logo.004.svg\",\"width\":\"1024\",\"height\":\"1024\",\"caption\":\"Stories for Caregivers\"},\"image\":{\"@id\":\"https:\/\/storiesforcaregivers.com\/#\/schema\/logo\/image\/\"},\"sameAs\":[\"https:\/\/www.facebook.com\/storiesforcaregivers\",\"https:\/\/x.com\/storiesforcare\",\"https:\/\/www.youtube.com\/storiesforcaregivers\",\"https:\/\/www.instagram.com\/storiesforcaregivers\/\"]},{\"@type\":\"Person\",\"@id\":\"https:\/\/storiesforcaregivers.com\/#\/schema\/person\/e00c425d3166d9fd0d025792f8a51a8b\",\"name\":\"Bannister Bergen\",\"image\":{\"@type\":\"ImageObject\",\"inLanguage\":\"fr-FR\",\"@id\":\"https:\/\/storiesforcaregivers.com\/#\/schema\/person\/image\/\",\"url\":\"https:\/\/secure.gravatar.com\/avatar\/7d39f096be5d03c5391007e91e79c609c5e8bef43dd4ab04c3e6b1ad7d5d385a?s=96&d=mm&r=g\",\"contentUrl\":\"https:\/\/secure.gravatar.com\/avatar\/7d39f096be5d03c5391007e91e79c609c5e8bef43dd4ab04c3e6b1ad7d5d385a?s=96&d=mm&r=g\",\"caption\":\"Bannister Bergen\"},\"url\":\"https:\/\/storiesforcaregivers.com\/fr\/author\/bannister\/\"}]}<\/script>\n<!-- \/ Yoast SEO plugin. -->","yoast_head_json":{"title":"L\u2019histoire de Patti - Stories for Caregivers","robots":{"index":"index","follow":"follow","max-snippet":"max-snippet:-1","max-image-preview":"max-image-preview:large","max-video-preview":"max-video-preview:-1"},"canonical":"https:\/\/storiesforcaregivers.com\/fr\/lhistoire-de-patti\/","og_locale":"fr_FR","og_type":"article","og_title":"L\u2019histoire de Patti - Stories for Caregivers","og_description":"Patti et Sherri se sont rencontr\u00e9es \u00e0 l\u2019\u00e2ge de 14 ans et sont toujours rest\u00e9es des amies fid\u00e8les depuis. L\u2019histoire de Patti nous enseigne ce que signifie \u00eatre \u00e0 la fois une amie et une aidante. Un merci sp\u00e9cial \u00e0 Patti et Sherri Produite par Roadwest Pictures et Centre Pin Media","og_url":"https:\/\/storiesforcaregivers.com\/fr\/lhistoire-de-patti\/","og_site_name":"Stories for Caregivers","article_publisher":"https:\/\/www.facebook.com\/storiesforcaregivers","article_published_time":"2021-07-30T20:31:19+00:00","article_modified_time":"2023-07-31T23:03:56+00:00","og_image":[{"width":1280,"height":720,"url":"https:\/\/storiesforcaregivers.com\/wp-content\/uploads\/2023\/02\/lhistoire-de-patti.jpg","type":"image\/jpeg"}],"author":"Bannister Bergen","twitter_card":"summary_large_image","twitter_creator":"@storiesforcare","twitter_site":"@storiesforcare","twitter_misc":{"Written by":"Bannister Bergen"},"schema":{"@context":"https:\/\/schema.org","@graph":[{"@type":"Article","@id":"https:\/\/storiesforcaregivers.com\/fr\/lhistoire-de-patti\/#article","isPartOf":{"@id":"https:\/\/storiesforcaregivers.com\/fr\/lhistoire-de-patti\/"},"author":{"name":"Bannister Bergen","@id":"https:\/\/storiesforcaregivers.com\/#\/schema\/person\/e00c425d3166d9fd0d025792f8a51a8b"},"headline":"L\u2019histoire de Patti","datePublished":"2021-07-30T20:31:19+00:00","dateModified":"2023-07-31T23:03:56+00:00","mainEntityOfPage":{"@id":"https:\/\/storiesforcaregivers.com\/fr\/lhistoire-de-patti\/"},"wordCount":65,"publisher":{"@id":"https:\/\/storiesforcaregivers.com\/#organization"},"image":{"@id":"https:\/\/storiesforcaregivers.com\/fr\/lhistoire-de-patti\/#primaryimage"},"thumbnailUrl":"https:\/\/storiesforcaregivers.com\/wp-content\/uploads\/2023\/02\/lhistoire-de-patti.jpg","articleSection":["Non classifi\u00e9(e)"],"inLanguage":"fr-FR"},{"@type":"WebPage","@id":"https:\/\/storiesforcaregivers.com\/fr\/lhistoire-de-patti\/","url":"https:\/\/storiesforcaregivers.com\/fr\/lhistoire-de-patti\/","name":"L\u2019histoire de Patti - Stories for Caregivers","isPartOf":{"@id":"https:\/\/storiesforcaregivers.com\/#website"},"primaryImageOfPage":{"@id":"https:\/\/storiesforcaregivers.com\/fr\/lhistoire-de-patti\/#primaryimage"},"image":{"@id":"https:\/\/storiesforcaregivers.com\/fr\/lhistoire-de-patti\/#primaryimage"},"thumbnailUrl":"https:\/\/storiesforcaregivers.com\/wp-content\/uploads\/2023\/02\/lhistoire-de-patti.jpg","datePublished":"2021-07-30T20:31:19+00:00","dateModified":"2023-07-31T23:03:56+00:00","breadcrumb":{"@id":"https:\/\/storiesforcaregivers.com\/fr\/lhistoire-de-patti\/#breadcrumb"},"inLanguage":"fr-FR","potentialAction":[{"@type":"ReadAction","target":["https:\/\/storiesforcaregivers.com\/fr\/lhistoire-de-patti\/"]}]},{"@type":"ImageObject","inLanguage":"fr-FR","@id":"https:\/\/storiesforcaregivers.com\/fr\/lhistoire-de-patti\/#primaryimage","url":"https:\/\/storiesforcaregivers.com\/wp-content\/uploads\/2023\/02\/lhistoire-de-patti.jpg","contentUrl":"https:\/\/storiesforcaregivers.com\/wp-content\/uploads\/2023\/02\/lhistoire-de-patti.jpg","width":1280,"height":720},{"@type":"BreadcrumbList","@id":"https:\/\/storiesforcaregivers.com\/fr\/lhistoire-de-patti\/#breadcrumb","itemListElement":[{"@type":"ListItem","position":1,"name":"Home","item":"https:\/\/storiesforcaregivers.com\/fr\/"},{"@type":"ListItem","position":2,"name":"L\u2019histoire de Patti"}]},{"@type":"WebSite","@id":"https:\/\/storiesforcaregivers.com\/#website","url":"https:\/\/storiesforcaregivers.com\/","name":"Stories for Caregivers","description":"Uplifting and inspiring web series created for caregivers","publisher":{"@id":"https:\/\/storiesforcaregivers.com\/#organization"},"potentialAction":[{"@type":"SearchAction","target":{"@type":"EntryPoint","urlTemplate":"https:\/\/storiesforcaregivers.com\/?s={search_term_string}"},"query-input":{"@type":"PropertyValueSpecification","valueRequired":true,"valueName":"search_term_string"}}],"inLanguage":"fr-FR"},{"@type":"Organization","@id":"https:\/\/storiesforcaregivers.com\/#organization","name":"Stories for Caregivers","url":"https:\/\/storiesforcaregivers.com\/","logo":{"@type":"ImageObject","inLanguage":"fr-FR","@id":"https:\/\/storiesforcaregivers.com\/#\/schema\/logo\/image\/","url":"https:\/\/storiesforcaregivers.com\/wp-content\/uploads\/2021\/07\/logo.004.svg","contentUrl":"https:\/\/storiesforcaregivers.com\/wp-content\/uploads\/2021\/07\/logo.004.svg","width":"1024","height":"1024","caption":"Stories for Caregivers"},"image":{"@id":"https:\/\/storiesforcaregivers.com\/#\/schema\/logo\/image\/"},"sameAs":["https:\/\/www.facebook.com\/storiesforcaregivers","https:\/\/x.com\/storiesforcare","https:\/\/www.youtube.com\/storiesforcaregivers","https:\/\/www.instagram.com\/storiesforcaregivers\/"]},{"@type":"Person","@id":"https:\/\/storiesforcaregivers.com\/#\/schema\/person\/e00c425d3166d9fd0d025792f8a51a8b","name":"Bannister Bergen","image":{"@type":"ImageObject","inLanguage":"fr-FR","@id":"https:\/\/storiesforcaregivers.com\/#\/schema\/person\/image\/","url":"https:\/\/secure.gravatar.com\/avatar\/7d39f096be5d03c5391007e91e79c609c5e8bef43dd4ab04c3e6b1ad7d5d385a?s=96&d=mm&r=g","contentUrl":"https:\/\/secure.gravatar.com\/avatar\/7d39f096be5d03c5391007e91e79c609c5e8bef43dd4ab04c3e6b1ad7d5d385a?s=96&d=mm&r=g","caption":"Bannister Bergen"},"url":"https:\/\/storiesforcaregivers.com\/fr\/author\/bannister\/"}]}},"jetpack_featured_media_url":"https:\/\/storiesforcaregivers.com\/wp-content\/uploads\/2023\/02\/lhistoire-de-patti.jpg","jetpack_sharing_enabled":true,"_links":{"self":[{"href":"https:\/\/storiesforcaregivers.com\/fr\/wp-json\/wp\/v2\/posts\/4558","targetHints":{"allow":["GET"]}}],"collection":[{"href":"https:\/\/storiesforcaregivers.com\/fr\/wp-json\/wp\/v2\/posts"}],"about":[{"href":"https:\/\/storiesforcaregivers.com\/fr\/wp-json\/wp\/v2\/types\/post"}],"author":[{"embeddable":true,"href":"https:\/\/storiesforcaregivers.com\/fr\/wp-json\/wp\/v2\/users\/2"}],"replies":[{"embeddable":true,"href":"https:\/\/storiesforcaregivers.com\/fr\/wp-json\/wp\/v2\/comments?post=4558"}],"version-history":[{"count":5,"href":"https:\/\/storiesforcaregivers.com\/fr\/wp-json\/wp\/v2\/posts\/4558\/revisions"}],"predecessor-version":[{"id":5775,"href":"https:\/\/storiesforcaregivers.com\/fr\/wp-json\/wp\/v2\/posts\/4558\/revisions\/5775"}],"wp:featuredmedia":[{"embeddable":true,"href":"https:\/\/storiesforcaregivers.com\/fr\/wp-json\/wp\/v2\/media\/4560"}],"wp:attachment":[{"href":"https:\/\/storiesforcaregivers.com\/fr\/wp-json\/wp\/v2\/media?parent=4558"}],"wp:term":[{"taxonomy":"category","embeddable":true,"href":"https:\/\/storiesforcaregivers.com\/fr\/wp-json\/wp\/v2\/categories?post=4558"},{"taxonomy":"post_tag","embeddable":true,"href":"https:\/\/storiesforcaregivers.com\/fr\/wp-json\/wp\/v2\/tags?post=4558"},{"taxonomy":"series","embeddable":true,"href":"https:\/\/storiesforcaregivers.com\/fr\/wp-json\/wp\/v2\/series?post=4558"}],"curies":[{"name":"wp","href":"https:\/\/api.w.org\/{rel}","templated":true}]}}