{"id":4494,"date":"2022-09-12T17:30:19","date_gmt":"2022-09-13T00:30:19","guid":{"rendered":"https:\/\/storiesforcaregivers.com\/le-coeur-et-le-vieillissement\/"},"modified":"2023-07-20T11:29:36","modified_gmt":"2023-07-20T18:29:36","slug":"le-coeur-et-le-vieillissement","status":"publish","type":"post","link":"https:\/\/storiesforcaregivers.com\/fr\/le-coeur-et-le-vieillissement\/","title":{"rendered":"Le c\u0153ur et le vieillissement"},"content":{"rendered":"\n<figure class=\"wp-block-embed is-type-video is-provider-youtube wp-block-embed-youtube wp-embed-aspect-16-9 wp-has-aspect-ratio\"><div class=\"wp-block-embed__wrapper\">\n<iframe loading=\"lazy\" title=\"Aging by Design: The Aging Heart (2\/8)\" width=\"1104\" height=\"621\" src=\"https:\/\/www.youtube.com\/embed\/K5caOPmU7TM?feature=oembed\" frameborder=\"0\" allow=\"accelerometer; autoplay; clipboard-write; encrypted-media; gyroscope; picture-in-picture; web-share\" allowfullscreen><\/iframe>\n<\/div><\/figure>\n\n<p>La perte est une partie normale de la vie. Le deuil n\u2019est pas quelque chose que nous pouvons \u00e9viter. \u00c0 mesure que nous vieillissons, la perte devient une composante de plus en plus pr\u00e9sente de notre exp\u00e9rience. Nos enfants grandissent et quittent la maison. Nous arr\u00eatons de travailler. Avec le temps, nous pouvons perdre notre mobilit\u00e9 et parfois notre autonomie. Malheureusement, nous perdons aussi des \u00eatres chers. Toutes ces pertes s\u2019accompagnent de chagrin. La soci\u00e9t\u00e9 n\u2019aime pas parler de deuil, les \u00e9motions sont difficiles \u00e0 g\u00e9rer. Sans accorder au chagrin et \u00e0 la perte le respect et l\u2019attention qui leur reviennent, les personnes, les proches aidants et les familles n\u2019ont pas l\u2019occasion de partager leur deuil et de trouver l\u2019amour qu\u2019il rec\u00e8le.         <br\/> <br\/>Produite par <a href=\"https:\/\/www.blackboxproductions.tv\/\" data-type=\"URL\" data-id=\"https:\/\/www.blackboxproductions.tv\/\">Black Box Productions<\/a><\/p>\n","protected":false},"excerpt":{"rendered":"<p>La perte est une partie normale de la vie. Le deuil n\u2019est pas quelque chose que nous pouvons \u00e9viter. \u00c0 mesure que nous vieillissons, la perte devient une composante de plus en plus pr\u00e9sente de notre exp\u00e9rience. Nos enfants grandissent et quittent la maison. Nous arr\u00eatons de travailler. Avec le temps, nous pouvons perdre notre [&hellip;]<\/p>\n","protected":false},"author":2,"featured_media":4359,"comment_status":"closed","ping_status":"closed","sticky":false,"template":"","format":"video","meta":{"inline_featured_image":false,"_jetpack_memberships_contains_paid_content":false,"footnotes":""},"categories":[52],"tags":[],"series":[65],"class_list":["post-4494","post","type-post","status-publish","format-video","has-post-thumbnail","hentry","category-non-classifiee","post_format-post-format-video","series-vieillir-deliberement"],"yoast_head":"<!-- This site is optimized with the Yoast SEO plugin v27.0 - https:\/\/yoast.com\/product\/yoast-seo-wordpress\/ -->\n<title>Le c\u0153ur et le vieillissement - Stories for Caregivers<\/title>\n<meta name=\"robots\" content=\"index, follow, max-snippet:-1, max-image-preview:large, max-video-preview:-1\" \/>\n<link rel=\"canonical\" href=\"https:\/\/storiesforcaregivers.com\/fr\/le-coeur-et-le-vieillissement\/\" \/>\n<meta property=\"og:locale\" content=\"fr_FR\" \/>\n<meta property=\"og:type\" content=\"article\" \/>\n<meta property=\"og:title\" content=\"Le c\u0153ur et le vieillissement - Stories for Caregivers\" \/>\n<meta property=\"og:description\" content=\"La perte est une partie normale de la vie. Le deuil n\u2019est pas quelque chose que nous pouvons \u00e9viter. \u00c0 mesure que nous vieillissons, la perte devient une composante de plus en plus pr\u00e9sente de notre exp\u00e9rience. Nos enfants grandissent et quittent la maison. Nous arr\u00eatons de travailler. Avec le temps, nous pouvons perdre notre [&hellip;]\" \/>\n<meta property=\"og:url\" content=\"https:\/\/storiesforcaregivers.com\/fr\/le-coeur-et-le-vieillissement\/\" \/>\n<meta property=\"og:site_name\" content=\"Stories for Caregivers\" \/>\n<meta property=\"article:publisher\" content=\"https:\/\/www.facebook.com\/storiesforcaregivers\" \/>\n<meta property=\"article:published_time\" content=\"2022-09-13T00:30:19+00:00\" \/>\n<meta property=\"article:modified_time\" content=\"2023-07-20T18:29:36+00:00\" \/>\n<meta property=\"og:image\" content=\"https:\/\/storiesforcaregivers.com\/wp-content\/uploads\/2022\/09\/ABD-02-AGING-HEART-THUMBNAIL-CLEAN.jpg\" \/>\n\t<meta property=\"og:image:width\" content=\"1440\" \/>\n\t<meta property=\"og:image:height\" content=\"810\" \/>\n\t<meta property=\"og:image:type\" content=\"image\/jpeg\" \/>\n<meta name=\"author\" content=\"Bannister Bergen\" \/>\n<meta name=\"twitter:card\" content=\"summary_large_image\" \/>\n<meta name=\"twitter:creator\" content=\"@storiesforcare\" \/>\n<meta name=\"twitter:site\" content=\"@storiesforcare\" \/>\n<meta name=\"twitter:label1\" content=\"Written by\" \/>\n\t<meta name=\"twitter:data1\" content=\"Bannister Bergen\" \/>\n\t<meta name=\"twitter:label2\" content=\"Est. reading time\" \/>\n\t<meta name=\"twitter:data2\" content=\"1 minute\" \/>\n<script type=\"application\/ld+json\" class=\"yoast-schema-graph\">{\"@context\":\"https:\/\/schema.org\",\"@graph\":[{\"@type\":\"Article\",\"@id\":\"https:\/\/storiesforcaregivers.com\/fr\/le-coeur-et-le-vieillissement\/#article\",\"isPartOf\":{\"@id\":\"https:\/\/storiesforcaregivers.com\/fr\/le-coeur-et-le-vieillissement\/\"},\"author\":{\"name\":\"Bannister Bergen\",\"@id\":\"https:\/\/storiesforcaregivers.com\/#\/schema\/person\/e00c425d3166d9fd0d025792f8a51a8b\"},\"headline\":\"Le c\u0153ur et le vieillissement\",\"datePublished\":\"2022-09-13T00:30:19+00:00\",\"dateModified\":\"2023-07-20T18:29:36+00:00\",\"mainEntityOfPage\":{\"@id\":\"https:\/\/storiesforcaregivers.com\/fr\/le-coeur-et-le-vieillissement\/\"},\"wordCount\":153,\"publisher\":{\"@id\":\"https:\/\/storiesforcaregivers.com\/#organization\"},\"image\":{\"@id\":\"https:\/\/storiesforcaregivers.com\/fr\/le-coeur-et-le-vieillissement\/#primaryimage\"},\"thumbnailUrl\":\"https:\/\/storiesforcaregivers.com\/wp-content\/uploads\/2022\/09\/ABD-02-AGING-HEART-THUMBNAIL-CLEAN.jpg\",\"articleSection\":[\"Non classifi\u00e9(e)\"],\"inLanguage\":\"fr-FR\"},{\"@type\":\"WebPage\",\"@id\":\"https:\/\/storiesforcaregivers.com\/fr\/le-coeur-et-le-vieillissement\/\",\"url\":\"https:\/\/storiesforcaregivers.com\/fr\/le-coeur-et-le-vieillissement\/\",\"name\":\"Le c\u0153ur et le vieillissement - Stories for Caregivers\",\"isPartOf\":{\"@id\":\"https:\/\/storiesforcaregivers.com\/#website\"},\"primaryImageOfPage\":{\"@id\":\"https:\/\/storiesforcaregivers.com\/fr\/le-coeur-et-le-vieillissement\/#primaryimage\"},\"image\":{\"@id\":\"https:\/\/storiesforcaregivers.com\/fr\/le-coeur-et-le-vieillissement\/#primaryimage\"},\"thumbnailUrl\":\"https:\/\/storiesforcaregivers.com\/wp-content\/uploads\/2022\/09\/ABD-02-AGING-HEART-THUMBNAIL-CLEAN.jpg\",\"datePublished\":\"2022-09-13T00:30:19+00:00\",\"dateModified\":\"2023-07-20T18:29:36+00:00\",\"breadcrumb\":{\"@id\":\"https:\/\/storiesforcaregivers.com\/fr\/le-coeur-et-le-vieillissement\/#breadcrumb\"},\"inLanguage\":\"fr-FR\",\"potentialAction\":[{\"@type\":\"ReadAction\",\"target\":[\"https:\/\/storiesforcaregivers.com\/fr\/le-coeur-et-le-vieillissement\/\"]}]},{\"@type\":\"ImageObject\",\"inLanguage\":\"fr-FR\",\"@id\":\"https:\/\/storiesforcaregivers.com\/fr\/le-coeur-et-le-vieillissement\/#primaryimage\",\"url\":\"https:\/\/storiesforcaregivers.com\/wp-content\/uploads\/2022\/09\/ABD-02-AGING-HEART-THUMBNAIL-CLEAN.jpg\",\"contentUrl\":\"https:\/\/storiesforcaregivers.com\/wp-content\/uploads\/2022\/09\/ABD-02-AGING-HEART-THUMBNAIL-CLEAN.jpg\",\"width\":1440,\"height\":810},{\"@type\":\"BreadcrumbList\",\"@id\":\"https:\/\/storiesforcaregivers.com\/fr\/le-coeur-et-le-vieillissement\/#breadcrumb\",\"itemListElement\":[{\"@type\":\"ListItem\",\"position\":1,\"name\":\"Home\",\"item\":\"https:\/\/storiesforcaregivers.com\/fr\/\"},{\"@type\":\"ListItem\",\"position\":2,\"name\":\"Le c\u0153ur et le vieillissement\"}]},{\"@type\":\"WebSite\",\"@id\":\"https:\/\/storiesforcaregivers.com\/#website\",\"url\":\"https:\/\/storiesforcaregivers.com\/\",\"name\":\"Stories for Caregivers\",\"description\":\"Uplifting and inspiring web series created for caregivers\",\"publisher\":{\"@id\":\"https:\/\/storiesforcaregivers.com\/#organization\"},\"potentialAction\":[{\"@type\":\"SearchAction\",\"target\":{\"@type\":\"EntryPoint\",\"urlTemplate\":\"https:\/\/storiesforcaregivers.com\/?s={search_term_string}\"},\"query-input\":{\"@type\":\"PropertyValueSpecification\",\"valueRequired\":true,\"valueName\":\"search_term_string\"}}],\"inLanguage\":\"fr-FR\"},{\"@type\":\"Organization\",\"@id\":\"https:\/\/storiesforcaregivers.com\/#organization\",\"name\":\"Stories for Caregivers\",\"url\":\"https:\/\/storiesforcaregivers.com\/\",\"logo\":{\"@type\":\"ImageObject\",\"inLanguage\":\"fr-FR\",\"@id\":\"https:\/\/storiesforcaregivers.com\/#\/schema\/logo\/image\/\",\"url\":\"https:\/\/storiesforcaregivers.com\/wp-content\/uploads\/2021\/07\/logo.004.svg\",\"contentUrl\":\"https:\/\/storiesforcaregivers.com\/wp-content\/uploads\/2021\/07\/logo.004.svg\",\"width\":\"1024\",\"height\":\"1024\",\"caption\":\"Stories for Caregivers\"},\"image\":{\"@id\":\"https:\/\/storiesforcaregivers.com\/#\/schema\/logo\/image\/\"},\"sameAs\":[\"https:\/\/www.facebook.com\/storiesforcaregivers\",\"https:\/\/x.com\/storiesforcare\",\"https:\/\/www.youtube.com\/storiesforcaregivers\",\"https:\/\/www.instagram.com\/storiesforcaregivers\/\"]},{\"@type\":\"Person\",\"@id\":\"https:\/\/storiesforcaregivers.com\/#\/schema\/person\/e00c425d3166d9fd0d025792f8a51a8b\",\"name\":\"Bannister Bergen\",\"image\":{\"@type\":\"ImageObject\",\"inLanguage\":\"fr-FR\",\"@id\":\"https:\/\/storiesforcaregivers.com\/#\/schema\/person\/image\/\",\"url\":\"https:\/\/secure.gravatar.com\/avatar\/7d39f096be5d03c5391007e91e79c609c5e8bef43dd4ab04c3e6b1ad7d5d385a?s=96&d=mm&r=g\",\"contentUrl\":\"https:\/\/secure.gravatar.com\/avatar\/7d39f096be5d03c5391007e91e79c609c5e8bef43dd4ab04c3e6b1ad7d5d385a?s=96&d=mm&r=g\",\"caption\":\"Bannister Bergen\"},\"url\":\"https:\/\/storiesforcaregivers.com\/fr\/author\/bannister\/\"}]}<\/script>\n<!-- \/ Yoast SEO plugin. -->","yoast_head_json":{"title":"Le c\u0153ur et le vieillissement - Stories for Caregivers","robots":{"index":"index","follow":"follow","max-snippet":"max-snippet:-1","max-image-preview":"max-image-preview:large","max-video-preview":"max-video-preview:-1"},"canonical":"https:\/\/storiesforcaregivers.com\/fr\/le-coeur-et-le-vieillissement\/","og_locale":"fr_FR","og_type":"article","og_title":"Le c\u0153ur et le vieillissement - Stories for Caregivers","og_description":"La perte est une partie normale de la vie. Le deuil n\u2019est pas quelque chose que nous pouvons \u00e9viter. \u00c0 mesure que nous vieillissons, la perte devient une composante de plus en plus pr\u00e9sente de notre exp\u00e9rience. Nos enfants grandissent et quittent la maison. Nous arr\u00eatons de travailler. Avec le temps, nous pouvons perdre notre [&hellip;]","og_url":"https:\/\/storiesforcaregivers.com\/fr\/le-coeur-et-le-vieillissement\/","og_site_name":"Stories for Caregivers","article_publisher":"https:\/\/www.facebook.com\/storiesforcaregivers","article_published_time":"2022-09-13T00:30:19+00:00","article_modified_time":"2023-07-20T18:29:36+00:00","og_image":[{"width":1440,"height":810,"url":"https:\/\/storiesforcaregivers.com\/wp-content\/uploads\/2022\/09\/ABD-02-AGING-HEART-THUMBNAIL-CLEAN.jpg","type":"image\/jpeg"}],"author":"Bannister Bergen","twitter_card":"summary_large_image","twitter_creator":"@storiesforcare","twitter_site":"@storiesforcare","twitter_misc":{"Written by":"Bannister Bergen","Est. reading time":"1 minute"},"schema":{"@context":"https:\/\/schema.org","@graph":[{"@type":"Article","@id":"https:\/\/storiesforcaregivers.com\/fr\/le-coeur-et-le-vieillissement\/#article","isPartOf":{"@id":"https:\/\/storiesforcaregivers.com\/fr\/le-coeur-et-le-vieillissement\/"},"author":{"name":"Bannister Bergen","@id":"https:\/\/storiesforcaregivers.com\/#\/schema\/person\/e00c425d3166d9fd0d025792f8a51a8b"},"headline":"Le c\u0153ur et le vieillissement","datePublished":"2022-09-13T00:30:19+00:00","dateModified":"2023-07-20T18:29:36+00:00","mainEntityOfPage":{"@id":"https:\/\/storiesforcaregivers.com\/fr\/le-coeur-et-le-vieillissement\/"},"wordCount":153,"publisher":{"@id":"https:\/\/storiesforcaregivers.com\/#organization"},"image":{"@id":"https:\/\/storiesforcaregivers.com\/fr\/le-coeur-et-le-vieillissement\/#primaryimage"},"thumbnailUrl":"https:\/\/storiesforcaregivers.com\/wp-content\/uploads\/2022\/09\/ABD-02-AGING-HEART-THUMBNAIL-CLEAN.jpg","articleSection":["Non classifi\u00e9(e)"],"inLanguage":"fr-FR"},{"@type":"WebPage","@id":"https:\/\/storiesforcaregivers.com\/fr\/le-coeur-et-le-vieillissement\/","url":"https:\/\/storiesforcaregivers.com\/fr\/le-coeur-et-le-vieillissement\/","name":"Le c\u0153ur et le vieillissement - Stories for Caregivers","isPartOf":{"@id":"https:\/\/storiesforcaregivers.com\/#website"},"primaryImageOfPage":{"@id":"https:\/\/storiesforcaregivers.com\/fr\/le-coeur-et-le-vieillissement\/#primaryimage"},"image":{"@id":"https:\/\/storiesforcaregivers.com\/fr\/le-coeur-et-le-vieillissement\/#primaryimage"},"thumbnailUrl":"https:\/\/storiesforcaregivers.com\/wp-content\/uploads\/2022\/09\/ABD-02-AGING-HEART-THUMBNAIL-CLEAN.jpg","datePublished":"2022-09-13T00:30:19+00:00","dateModified":"2023-07-20T18:29:36+00:00","breadcrumb":{"@id":"https:\/\/storiesforcaregivers.com\/fr\/le-coeur-et-le-vieillissement\/#breadcrumb"},"inLanguage":"fr-FR","potentialAction":[{"@type":"ReadAction","target":["https:\/\/storiesforcaregivers.com\/fr\/le-coeur-et-le-vieillissement\/"]}]},{"@type":"ImageObject","inLanguage":"fr-FR","@id":"https:\/\/storiesforcaregivers.com\/fr\/le-coeur-et-le-vieillissement\/#primaryimage","url":"https:\/\/storiesforcaregivers.com\/wp-content\/uploads\/2022\/09\/ABD-02-AGING-HEART-THUMBNAIL-CLEAN.jpg","contentUrl":"https:\/\/storiesforcaregivers.com\/wp-content\/uploads\/2022\/09\/ABD-02-AGING-HEART-THUMBNAIL-CLEAN.jpg","width":1440,"height":810},{"@type":"BreadcrumbList","@id":"https:\/\/storiesforcaregivers.com\/fr\/le-coeur-et-le-vieillissement\/#breadcrumb","itemListElement":[{"@type":"ListItem","position":1,"name":"Home","item":"https:\/\/storiesforcaregivers.com\/fr\/"},{"@type":"ListItem","position":2,"name":"Le c\u0153ur et le vieillissement"}]},{"@type":"WebSite","@id":"https:\/\/storiesforcaregivers.com\/#website","url":"https:\/\/storiesforcaregivers.com\/","name":"Stories for Caregivers","description":"Uplifting and inspiring web series created for caregivers","publisher":{"@id":"https:\/\/storiesforcaregivers.com\/#organization"},"potentialAction":[{"@type":"SearchAction","target":{"@type":"EntryPoint","urlTemplate":"https:\/\/storiesforcaregivers.com\/?s={search_term_string}"},"query-input":{"@type":"PropertyValueSpecification","valueRequired":true,"valueName":"search_term_string"}}],"inLanguage":"fr-FR"},{"@type":"Organization","@id":"https:\/\/storiesforcaregivers.com\/#organization","name":"Stories for Caregivers","url":"https:\/\/storiesforcaregivers.com\/","logo":{"@type":"ImageObject","inLanguage":"fr-FR","@id":"https:\/\/storiesforcaregivers.com\/#\/schema\/logo\/image\/","url":"https:\/\/storiesforcaregivers.com\/wp-content\/uploads\/2021\/07\/logo.004.svg","contentUrl":"https:\/\/storiesforcaregivers.com\/wp-content\/uploads\/2021\/07\/logo.004.svg","width":"1024","height":"1024","caption":"Stories for Caregivers"},"image":{"@id":"https:\/\/storiesforcaregivers.com\/#\/schema\/logo\/image\/"},"sameAs":["https:\/\/www.facebook.com\/storiesforcaregivers","https:\/\/x.com\/storiesforcare","https:\/\/www.youtube.com\/storiesforcaregivers","https:\/\/www.instagram.com\/storiesforcaregivers\/"]},{"@type":"Person","@id":"https:\/\/storiesforcaregivers.com\/#\/schema\/person\/e00c425d3166d9fd0d025792f8a51a8b","name":"Bannister Bergen","image":{"@type":"ImageObject","inLanguage":"fr-FR","@id":"https:\/\/storiesforcaregivers.com\/#\/schema\/person\/image\/","url":"https:\/\/secure.gravatar.com\/avatar\/7d39f096be5d03c5391007e91e79c609c5e8bef43dd4ab04c3e6b1ad7d5d385a?s=96&d=mm&r=g","contentUrl":"https:\/\/secure.gravatar.com\/avatar\/7d39f096be5d03c5391007e91e79c609c5e8bef43dd4ab04c3e6b1ad7d5d385a?s=96&d=mm&r=g","caption":"Bannister Bergen"},"url":"https:\/\/storiesforcaregivers.com\/fr\/author\/bannister\/"}]}},"jetpack_featured_media_url":"https:\/\/storiesforcaregivers.com\/wp-content\/uploads\/2022\/09\/ABD-02-AGING-HEART-THUMBNAIL-CLEAN.jpg","jetpack_sharing_enabled":true,"_links":{"self":[{"href":"https:\/\/storiesforcaregivers.com\/fr\/wp-json\/wp\/v2\/posts\/4494","targetHints":{"allow":["GET"]}}],"collection":[{"href":"https:\/\/storiesforcaregivers.com\/fr\/wp-json\/wp\/v2\/posts"}],"about":[{"href":"https:\/\/storiesforcaregivers.com\/fr\/wp-json\/wp\/v2\/types\/post"}],"author":[{"embeddable":true,"href":"https:\/\/storiesforcaregivers.com\/fr\/wp-json\/wp\/v2\/users\/2"}],"replies":[{"embeddable":true,"href":"https:\/\/storiesforcaregivers.com\/fr\/wp-json\/wp\/v2\/comments?post=4494"}],"version-history":[{"count":5,"href":"https:\/\/storiesforcaregivers.com\/fr\/wp-json\/wp\/v2\/posts\/4494\/revisions"}],"predecessor-version":[{"id":5579,"href":"https:\/\/storiesforcaregivers.com\/fr\/wp-json\/wp\/v2\/posts\/4494\/revisions\/5579"}],"wp:featuredmedia":[{"embeddable":true,"href":"https:\/\/storiesforcaregivers.com\/fr\/wp-json\/wp\/v2\/media\/4359"}],"wp:attachment":[{"href":"https:\/\/storiesforcaregivers.com\/fr\/wp-json\/wp\/v2\/media?parent=4494"}],"wp:term":[{"taxonomy":"category","embeddable":true,"href":"https:\/\/storiesforcaregivers.com\/fr\/wp-json\/wp\/v2\/categories?post=4494"},{"taxonomy":"post_tag","embeddable":true,"href":"https:\/\/storiesforcaregivers.com\/fr\/wp-json\/wp\/v2\/tags?post=4494"},{"taxonomy":"series","embeddable":true,"href":"https:\/\/storiesforcaregivers.com\/fr\/wp-json\/wp\/v2\/series?post=4494"}],"curies":[{"name":"wp","href":"https:\/\/api.w.org\/{rel}","templated":true}]}}